{"id":1203,"date":"2022-01-24T13:28:49","date_gmt":"2022-01-24T13:28:49","guid":{"rendered":"https:\/\/www.ptf.us.edu.pl\/?p=1203"},"modified":"2022-01-31T16:04:38","modified_gmt":"2022-01-31T16:04:38","slug":"2022-rokiem-mieczyslawa-wolfkego","status":"publish","type":"post","link":"https:\/\/www.ptf.us.edu.pl\/wordpress\/?p=1203","title":{"rendered":"2022 &#8211; Rokiem Mieczys\u0142awa Wolfkego"},"content":{"rendered":"<p>Polskie Towarzystwo Fizyczne we wsp\u00f3\u0142pracy z Politechnik\u0105 Warszawsk\u0105, Komitetem Fizyki PAN oraz Polskim Stowarzyszeniem Fotonicznym ustanowi\u0142o rok 2022 Rokiem Mieczys\u0142awa Wolfkego.  Szczeg\u00f3\u0142y programu planowanych obchod\u00f3w mo\u017cna znale\u017a\u0107 pod adresem:  wolfke.fizyka.pw.edu.pl<br \/>\nSerdecznie zapraszamy do udzia\u0142u w obchodach, kt\u00f3re  powinny sta\u0107 si\u0119 akcj\u0105 og\u00f3lnopolsk\u0105, integruj\u0105c\u0105 wszystkich cz\u0142onk\u00f3w PTF.<\/p>\n<p>Pytania lub sugestie prosimy kierowa\u0107 do Przewodnicz\u0105cego Komitetu Organizacyjnego kolegi Krzysztofa Petelczyca (krzysztof.petelczyc@pw.edu.pl).<br \/>\nLokalne informacje dost\u0119pne s\u0105 te\u017c w Zarz\u0105dzie Oddzia\u0142u w Katowicach (ptf@us.edu.pl)<\/p>\n","protected":false},"excerpt":{"rendered":"<p>Polskie Towarzystwo Fizyczne we wsp\u00f3\u0142pracy z Politechnik\u0105 Warszawsk\u0105, Komitetem Fizyki PAN oraz Polskim Stowarzyszeniem Fotonicznym ustanowi\u0142o rok 2022 Rokiem Mieczys\u0142awa Wolfkego. Szczeg\u00f3\u0142y programu planowanych obchod\u00f3w mo\u017cna znale\u017a\u0107 pod adresem: wolfke.fizyka.pw.edu.pl Serdecznie zapraszamy do udzia\u0142u w obchodach, kt\u00f3re powinny sta\u0107 si\u0119 akcj\u0105 og\u00f3lnopolsk\u0105, integruj\u0105c\u0105 wszystkich cz\u0142onk\u00f3w PTF. Pytania lub sugestie prosimy kierowa\u0107 do Przewodnicz\u0105cego Komitetu Organizacyjnego &hellip; <a href=\"https:\/\/www.ptf.us.edu.pl\/wordpress\/?p=1203\" class=\"more-link\">Czytaj dalej <span class=\"screen-reader-text\">2022 &#8211; Rokiem Mieczys\u0142awa Wolfkego<\/span> <span class=\"meta-nav\">&rarr;<\/span><\/a><\/p>\n","protected":false},"author":1,"featured_media":0,"comment_status":"closed","ping_status":"closed","sticky":false,"template":"","format":"standard","meta":{"footnotes":""},"categories":[4,11],"tags":[],"class_list":["post-1203","post","type-post","status-publish","format-standard","hentry","category-akt","category-inne-wiadomosci"],"_links":{"self":[{"href":"https:\/\/www.ptf.us.edu.pl\/wordpress\/index.php?rest_route=\/wp\/v2\/posts\/1203","targetHints":{"allow":["GET"]}}],"collection":[{"href":"https:\/\/www.ptf.us.edu.pl\/wordpress\/index.php?rest_route=\/wp\/v2\/posts"}],"about":[{"href":"https:\/\/www.ptf.us.edu.pl\/wordpress\/index.php?rest_route=\/wp\/v2\/types\/post"}],"author":[{"embeddable":true,"href":"https:\/\/www.ptf.us.edu.pl\/wordpress\/index.php?rest_route=\/wp\/v2\/users\/1"}],"replies":[{"embeddable":true,"href":"https:\/\/www.ptf.us.edu.pl\/wordpress\/index.php?rest_route=%2Fwp%2Fv2%2Fcomments&post=1203"}],"version-history":[{"count":4,"href":"https:\/\/www.ptf.us.edu.pl\/wordpress\/index.php?rest_route=\/wp\/v2\/posts\/1203\/revisions"}],"predecessor-version":[{"id":1218,"href":"https:\/\/www.ptf.us.edu.pl\/wordpress\/index.php?rest_route=\/wp\/v2\/posts\/1203\/revisions\/1218"}],"wp:attachment":[{"href":"https:\/\/www.ptf.us.edu.pl\/wordpress\/index.php?rest_route=%2Fwp%2Fv2%2Fmedia&parent=1203"}],"wp:term":[{"taxonomy":"category","embeddable":true,"href":"https:\/\/www.ptf.us.edu.pl\/wordpress\/index.php?rest_route=%2Fwp%2Fv2%2Fcategories&post=1203"},{"taxonomy":"post_tag","embeddable":true,"href":"https:\/\/www.ptf.us.edu.pl\/wordpress\/index.php?rest_route=%2Fwp%2Fv2%2Ftags&post=1203"}],"curies":[{"name":"wp","href":"https:\/\/api.w.org\/{rel}","templated":true}]}}