{"id":1212,"date":"2022-01-28T14:40:48","date_gmt":"2022-01-28T14:40:48","guid":{"rendered":"https:\/\/www.ptf.us.edu.pl\/?p=1212"},"modified":"2022-02-06T22:51:34","modified_gmt":"2022-02-06T22:51:34","slug":"24-02-2022-konwersatorium-dr-inz-piotr-sleczkowski-ich-us","status":"publish","type":"post","link":"https:\/\/www.ptf.us.edu.pl\/wordpress\/?p=1212","title":{"rendered":"24.02.2022 &#8211; Konwersatorium dr in\u017c. Piotr \u015al\u0119czkowski, ICh U\u015a"},"content":{"rendered":"<p class=\"western\" lang=\"pl-PL\" align=\"CENTER\"><b>Polskie Towarzystwo Fizyczne Oddzia\u0142 w Katowicach<br \/>\n<\/b><\/p>\n<p class=\"western\" lang=\"pl-PL\" align=\"CENTER\">zaprasza na konwersatorium na kt\u00f3rym:<\/p>\n<h3 class=\"western\" lang=\"pl-PL\" align=\"CENTER\">dr in\u017c. Piotr \u015al\u0119czkowski <\/h3>\n<p style=\"text-align: center;\"><span dir=\"ltr\"><strong>z Instytutu Chemii U\u015a<\/strong><br \/>\n<\/span><\/p>\n<p class=\"western\" lang=\"pl-PL\" align=\"CENTER\">wyg\u0142osi wyk\u0142ad pt. <\/p>\n<h2 style=\"text-align: center;\"><b>Reaguj\u0105ce na bod\u017ace materia\u0142y organiczne do zastosowa\u0144 w fotonice i optoelektronice<\/b><\/h2>\n<p style=\"text-align: justify;\">\nP\u00f3\u0142przewodniki organiczne na dobre zago\u015bci\u0142y w naszych domach (i kieszeniach) jako materia\u0142y u\u017cywane w postaci cienkich warstw w organicznych diodach elektroluminescencyjnych (ang. organic light-emitting diodes, OLEDs). Praktycznie nieograniczona mo\u017cliwo\u015b\u0107 modyfikacji struktury chemicznej cz\u0105steczek organicznych pozwala na kontrol\u0119 ich w\u0142a\u015bciwo\u015bci optycznych i elektrycznych, osi\u0105gni\u0119cie kt\u00f3rej prowadzi\u0107 b\u0119dzie w najbli\u017cszym czasie do powstania i rozwoju nowych technologii fotonicznych.<br \/>\nW pierwszej cz\u0119\u015bci wyst\u0105pienia om\u00f3wione zostan\u0105 materia\u0142y ciek\u0142okrystaliczne, kt\u00f3re od kilku dekad pozostaj\u0105 obiektem szeroko zakrojonych bada\u0144 ze wzgl\u0119du na mo\u017cliwo\u015b\u0107 modulacji ich struktury przy pomocy bod\u017ac\u00f3w zewn\u0119trznych, takich jak temperatura czy pole elektryczne. Chiralne nematyki to podgrupa ciek\u0142ych kryszta\u0142\u00f3w charakteryzuj\u0105ca si\u0119 helikaln\u0105 struktur\u0105 oraz specyficznymi w\u0142asno\u015bciami optycznymi, w tym selektywnym odbiciem \u015bwiat\u0142a spolaryzowanego ko\u0142owo [1]. Przedstawione zostan\u0105 wyniki bada\u0144 kropli ciek\u0142ych kryszta\u0142\u00f3w domieszkowanych chirooptycznymi motorami molekularnymi, kt\u00f3rych struktura molekularna mo\u017ce by\u0107 prze\u0142\u0105czana za pomoc\u0105 promieniowania UV [2]. Zaprezentowana zostanie mo\u017cliwo\u015b\u0107 optycznego sterowania skokiem helisy, co dowodzi, \u017ce krople chiralnych nematyk\u00f3w mog\u0105 by\u0107 doskona\u0142\u0105 platform\u0105 do wytwarzania laser\u00f3w 3D z mo\u017cliwo\u015bci\u0105 strojenia d\u0142ugo\u015bci fali akcji laserowej [3].<br \/>\nDruga cz\u0119\u015b\u0107 wyst\u0105pienia dotyczy\u0107 b\u0119dzie stosunkowo nowej grupy materia\u0142\u00f3w, jakimi s\u0105 organiczne polimery supramolekularne, kt\u00f3re w przeciwie\u0144stwie do polimer\u00f3w kowalencyjnych tworz\u0105 stabilne struktury bazuj\u0105c na oddzia\u0142ywaniach niekonwalencyjnych (wi\u0105zania wodorowe, oddzia\u0142ywania van der Waalsa,&#8230;). Przedstawione w komunikacie zwi\u0105zki chemiczne, triamidotrifenyleny (TTA), tworz\u0105 jednowymiarowe struktury o helikalnej topologii [4], kt\u00f3ra mo\u017ce okaza\u0107 si\u0119 korzystna z\u00a0punktu widzenia przewodzenia no\u015bnik\u00f3w \u0142adunku wzd\u0142u\u017c w\u0142\u00f3kien polimerowych.<\/p>\n<p>[1] I. Musevic, Liq. Cryst. 2014, 41, 418-429.<br \/>\n[2] A. Bosco, et al. J. Am. Chem. Soc. 2008, 130, 14615-14624.<br \/>\n[3] P. \u015al\u0119czkowski, Y. Zhou, S. Iamsaard, J. J. de Pablo, N. Katsonis, E. Lacaze, Proc. Natl. Acad. Sci. U. S. A. 2018, 115, 4334-4339.<br \/>\n[4] M. L. \u015al\u0119czkowski, M. F. J. Mabesoone, P. \u015al\u0119czkowski, A. R. A. Palmans, E. W. Meijer, Nat. Chem. 2021, 13, 200-207.\n<\/p>\n<p lang=\"pl-PL\" align=\"CENTER\"><b>Konwersatorium odb\u0119dzie si\u0119 w formie zdalnej dnia 24.02.2022 r. <\/b><strong>o godz. 16<sup>00<\/sup>. Seminarium odb\u0119dzie si\u0119 tylko w formie zdalnej.<br \/>\n\u0141\u0105czy\u0107 mo\u017cna si\u0119 od godz. 15:30.<br \/>\n<\/strong><\/p>\n<p>Link do konwersatorium: <a href=\"https:\/\/teams.microsoft.com\/l\/meetup-join\/19%3ameeting_M2YxNWE2ZGYtOTczZC00ZjAyLTgzMTktODllYTZmYTc3NTg1%40thread.v2\/0?context=%7b%22Tid%22%3a%2250c76291-0c80-4444-a2fb-4f8ab168c311%22%2c%22Oid%22%3a%2213ce2fb9-5706-4d2e-b636-4e0fe56553a7%22%7d\">MS Teams<\/a>.<br \/>\nDost\u0119p mo\u017cliwy jest r\u00f3wnie\u017c przez przegl\u0105dark\u0119 (np. Edge(Win), Safari(Mac)) i &#8222;Poczekalni\u0119&#8221;. Prosimy o podawanie imienia i nazwiska.<\/p>\n<p>&nbsp;<\/p>\n<p lang=\"pl-PL\" align=\"CENTER\"><a href=\"https:\/\/www.ptf.us.edu.pl\/wordpress\/wp-content\/uploads\/2015\/02\/ptf_logo.png\" rel=\"attachment wp-att-272\"><img decoding=\"async\"  class=\"wp-image-272 alignnone\" src=\"https:\/\/www.ptf.us.edu.pl\/wordpress\/wp-content\/uploads\/2015\/02\/ptf_logo-300x300.png\" alt=\"ptf_logo\" width=\"85\" height=\"85\" srcset=\"https:\/\/www.ptf.us.edu.pl\/wordpress\/wp-content\/uploads\/2015\/02\/ptf_logo-300x300.png 300w, https:\/\/www.ptf.us.edu.pl\/wordpress\/wp-content\/uploads\/2015\/02\/ptf_logo-150x150.png 150w, https:\/\/www.ptf.us.edu.pl\/wordpress\/wp-content\/uploads\/2015\/02\/ptf_logo-1020x1024.png 1020w, https:\/\/www.ptf.us.edu.pl\/wordpress\/wp-content\/uploads\/2015\/02\/ptf_logo-45x45.png 45w, https:\/\/www.ptf.us.edu.pl\/wordpress\/wp-content\/uploads\/2015\/02\/ptf_logo.png 1829w\" sizes=\"(max-width: 85px) 100vw, 85px\" \/><\/a><\/p>\n","protected":false},"excerpt":{"rendered":"<p>Polskie Towarzystwo Fizyczne Oddzia\u0142 w Katowicach zaprasza na konwersatorium na kt\u00f3rym: dr in\u017c. Piotr \u015al\u0119czkowski z Instytutu Chemii U\u015a wyg\u0142osi wyk\u0142ad pt. Reaguj\u0105ce na bod\u017ace materia\u0142y organiczne do zastosowa\u0144 w fotonice i optoelektronice P\u00f3\u0142przewodniki organiczne na dobre zago\u015bci\u0142y w naszych domach (i kieszeniach) jako materia\u0142y u\u017cywane w postaci cienkich warstw w organicznych diodach elektroluminescencyjnych (ang. &hellip; <a href=\"https:\/\/www.ptf.us.edu.pl\/wordpress\/?p=1212\" class=\"more-link\">Czytaj dalej <span class=\"screen-reader-text\">24.02.2022 &#8211; Konwersatorium dr in\u017c. Piotr \u015al\u0119czkowski, ICh U\u015a<\/span> <span class=\"meta-nav\">&rarr;<\/span><\/a><\/p>\n","protected":false},"author":1,"featured_media":0,"comment_status":"closed","ping_status":"closed","sticky":false,"template":"","format":"standard","meta":{"footnotes":""},"categories":[4,8,7,5],"tags":[],"class_list":["post-1212","post","type-post","status-publish","format-standard","hentry","category-akt","category-najblizsze-seminaria","category-planowane-seminaria","category-sem"],"_links":{"self":[{"href":"https:\/\/www.ptf.us.edu.pl\/wordpress\/index.php?rest_route=\/wp\/v2\/posts\/1212","targetHints":{"allow":["GET"]}}],"collection":[{"href":"https:\/\/www.ptf.us.edu.pl\/wordpress\/index.php?rest_route=\/wp\/v2\/posts"}],"about":[{"href":"https:\/\/www.ptf.us.edu.pl\/wordpress\/index.php?rest_route=\/wp\/v2\/types\/post"}],"author":[{"embeddable":true,"href":"https:\/\/www.ptf.us.edu.pl\/wordpress\/index.php?rest_route=\/wp\/v2\/users\/1"}],"replies":[{"embeddable":true,"href":"https:\/\/www.ptf.us.edu.pl\/wordpress\/index.php?rest_route=%2Fwp%2Fv2%2Fcomments&post=1212"}],"version-history":[{"count":6,"href":"https:\/\/www.ptf.us.edu.pl\/wordpress\/index.php?rest_route=\/wp\/v2\/posts\/1212\/revisions"}],"predecessor-version":[{"id":1221,"href":"https:\/\/www.ptf.us.edu.pl\/wordpress\/index.php?rest_route=\/wp\/v2\/posts\/1212\/revisions\/1221"}],"wp:attachment":[{"href":"https:\/\/www.ptf.us.edu.pl\/wordpress\/index.php?rest_route=%2Fwp%2Fv2%2Fmedia&parent=1212"}],"wp:term":[{"taxonomy":"category","embeddable":true,"href":"https:\/\/www.ptf.us.edu.pl\/wordpress\/index.php?rest_route=%2Fwp%2Fv2%2Fcategories&post=1212"},{"taxonomy":"post_tag","embeddable":true,"href":"https:\/\/www.ptf.us.edu.pl\/wordpress\/index.php?rest_route=%2Fwp%2Fv2%2Ftags&post=1212"}],"curies":[{"name":"wp","href":"https:\/\/api.w.org\/{rel}","templated":true}]}}