{"id":1231,"date":"2022-03-11T10:06:15","date_gmt":"2022-03-11T10:06:15","guid":{"rendered":"https:\/\/www.ptf.us.edu.pl\/?p=1231"},"modified":"2022-03-14T10:27:12","modified_gmt":"2022-03-14T10:27:12","slug":"25-03-2022-konwersatorium-dr-inz-krzysztof-petelczyc-zasluzyl-na-nobla-pomysly-mieczyslawa-wolfkego-wyprzedzajace-jego-epoke","status":"publish","type":"post","link":"https:\/\/www.ptf.us.edu.pl\/wordpress\/?p=1231","title":{"rendered":"24.03.2022 &#8211; Konwersatorium, dr in\u017c. Krzysztof Petelczyc"},"content":{"rendered":"<p class=\"western\" lang=\"pl-PL\" align=\"CENTER\"><b>Polskie Towarzystwo Fizyczne Oddzia\u0142 w Katowicach<br \/>\n<\/b><\/p>\n<p class=\"western\" lang=\"pl-PL\" align=\"CENTER\">zaprasza na konwersatorium na kt\u00f3rym:<\/p>\n<h3 class=\"western\" lang=\"pl-PL\" align=\"CENTER\">dr in\u017c. Krzysztof Petelczyc <\/h3>\n<p style=\"text-align: center;\"><span dir=\"ltr\"><strong>z Wydzia\u0142u Fizyki Politechniki Warszawskiej<\/strong><br \/>\n<\/span><\/p>\n<p class=\"western\" lang=\"pl-PL\" align=\"CENTER\">wyg\u0142osi wyk\u0142ad pt. <\/p>\n<h2 style=\"text-align: center;\"><b>Zas\u0142u\u017cy\u0142 na Nobla? Pomys\u0142y Mieczys\u0142awa Wolfkego wyprzedzaj\u0105ce jego epok\u0119<\/b><\/h2>\n<p style=\"text-align: justify;\">\nMieczys\u0142aw Wolfke, polski fizyk urodzony w 1883 roku w \u0141asku ju\u017c od dzieci\u0144stwa wykazywa\u0142 niezwyk\u0142e zainteresowanie nauk\u0105 i technik\u0105 oraz predyspozycje do niespotykanej wyobra\u017ani i intuicji. W wieku 13 lat opracowa\u0142 pomys\u0142 nap\u0119du odrzutowego, a cztery lata p\u00f3\u017aniej opatentowa\u0142 telektroskop bez drut\u00f3w \u2013 prototyp telewizji bezprzewodowej opartej na zmodyfikowanej tarczy Nipkowa. W czasie realizacji doktoratu dotycz\u0105cego teorii Ernsta Abbego opanowa\u0142 teori\u0119 dyfrakcji, co ju\u017c w 1920 roku pozwoli\u0142o mu zapostulowa\u0107 mo\u017cliwo\u015b\u0107 obrazowania dwustopniowego poprzez zapis widma przestrzennego obrazu i jego odtworzenie za pomoc\u0105 promieniowania o innej d\u0142ugo\u015bci fali. Jego praca, kluczowa dla techniki holograficznej, o ponad 20 lat wyprzedzi\u0142a poczynione niezale\u017cnie odkrycie Dennisa Gabora odznaczonego za nie w 1971 roku Nagroda Nobla. W latach 1913-1921 Wolfke uczestniczy\u0142 w pr\u00f3bach interpretacji na teorii kwantowej podejmowanych z Zurychu (Albert Einstein, Max von Laue, Erwin Schroedinger) postuluj\u0105c przypisanie modom energetycznym wn\u0119ki cia\u0142a doskonale czarnego interpretacj\u0119 foton\u00f3w wielokrotnych (moleku\u0142 \u015bwiat\u0142a). W latach 1924-1927 wsp\u00f3\u0142pracowa\u0142 z Laboratorium w Lejdzie, gdzie zapostulowa\u0142 metod\u0119 zestalenia helu pod ci\u015bnieniem i odkry\u0142 ciek\u0142y hel II, pierwsz\u0105 na \u015bwiecie ciecz kwantow\u0105. Wolfke przez ca\u0142e \u017cycie zajmowa\u0142 si\u0119 problemami bliskimi osi\u0105gni\u0119ciom nagradzanym Nagrod\u0105 Nobla. Niestety sam takiego wyr\u00f3\u017cnienia nie do\u017cy\u0142 umieraj\u0105c nagle w 1947 roku.<\/p>\n<p lang=\"pl-PL\" align=\"CENTER\"><b>Konwersatorium odb\u0119dzie dnia 24.03.2022 r. <\/b><strong>o godz. 16<sup>00<\/sup>. Seminarium planowane jest w formie hybrydowej w Katowicach, ul. Bankowa 14, sala 213 (Aula Kopernika).<br \/>\nMo\u017cliwe, \u017ce przejdziemy tylko na form\u0119 zdaln\u0105.<br \/>\nDo transmisji w Teams mo\u017cna si\u0119 b\u0119dzie \u0142\u0105czy\u0107 od godz. 15:30.<br \/>\n<\/strong><\/p>\n<p>Link do konwersatorium: <a href=\"https:\/\/teams.microsoft.com\/l\/meetup-join\/19%3ameeting_MDkyYjJhNTUtYjMwNS00ZjM4LTljNjEtYTJjMWI1NmM5YjQ2%40thread.v2\/0?context=%7b%22Tid%22%3a%2250c76291-0c80-4444-a2fb-4f8ab168c311%22%2c%22Oid%22%3a%2213ce2fb9-5706-4d2e-b636-4e0fe56553a7%22%7d\">MS Teams<\/a>.<br \/>\nDost\u0119p mo\u017cliwy jest r\u00f3wnie\u017c przez przegl\u0105dark\u0119 (np. Edge(Win), Safari(Mac)) i &#8222;Poczekalni\u0119&#8221;. Prosimy o podawanie imienia i nazwiska.<\/p>\n<p>&nbsp;<\/p>\n<p lang=\"pl-PL\" align=\"CENTER\"><a href=\"https:\/\/www.ptf.us.edu.pl\/wordpress\/wp-content\/uploads\/2015\/02\/ptf_logo.png\" rel=\"attachment wp-att-272\"><img decoding=\"async\"  class=\"wp-image-272 alignnone\" src=\"https:\/\/www.ptf.us.edu.pl\/wordpress\/wp-content\/uploads\/2015\/02\/ptf_logo-300x300.png\" alt=\"ptf_logo\" width=\"85\" height=\"85\" srcset=\"https:\/\/www.ptf.us.edu.pl\/wordpress\/wp-content\/uploads\/2015\/02\/ptf_logo-300x300.png 300w, https:\/\/www.ptf.us.edu.pl\/wordpress\/wp-content\/uploads\/2015\/02\/ptf_logo-150x150.png 150w, https:\/\/www.ptf.us.edu.pl\/wordpress\/wp-content\/uploads\/2015\/02\/ptf_logo-1020x1024.png 1020w, https:\/\/www.ptf.us.edu.pl\/wordpress\/wp-content\/uploads\/2015\/02\/ptf_logo-45x45.png 45w, https:\/\/www.ptf.us.edu.pl\/wordpress\/wp-content\/uploads\/2015\/02\/ptf_logo.png 1829w\" sizes=\"(max-width: 85px) 100vw, 85px\" \/><\/a><\/p>\n","protected":false},"excerpt":{"rendered":"<p>Polskie Towarzystwo Fizyczne Oddzia\u0142 w Katowicach zaprasza na konwersatorium na kt\u00f3rym: dr in\u017c. Krzysztof Petelczyc z Wydzia\u0142u Fizyki Politechniki Warszawskiej wyg\u0142osi wyk\u0142ad pt. Zas\u0142u\u017cy\u0142 na Nobla? Pomys\u0142y Mieczys\u0142awa Wolfkego wyprzedzaj\u0105ce jego epok\u0119 Mieczys\u0142aw Wolfke, polski fizyk urodzony w 1883 roku w \u0141asku ju\u017c od dzieci\u0144stwa wykazywa\u0142 niezwyk\u0142e zainteresowanie nauk\u0105 i technik\u0105 oraz predyspozycje do niespotykanej &hellip; <a href=\"https:\/\/www.ptf.us.edu.pl\/wordpress\/?p=1231\" class=\"more-link\">Czytaj dalej <span class=\"screen-reader-text\">24.03.2022 &#8211; Konwersatorium, dr in\u017c. Krzysztof Petelczyc<\/span> <span class=\"meta-nav\">&rarr;<\/span><\/a><\/p>\n","protected":false},"author":1,"featured_media":0,"comment_status":"closed","ping_status":"closed","sticky":false,"template":"","format":"standard","meta":{"footnotes":""},"categories":[4,8,7,5],"tags":[],"class_list":["post-1231","post","type-post","status-publish","format-standard","hentry","category-akt","category-najblizsze-seminaria","category-planowane-seminaria","category-sem"],"_links":{"self":[{"href":"https:\/\/www.ptf.us.edu.pl\/wordpress\/index.php?rest_route=\/wp\/v2\/posts\/1231","targetHints":{"allow":["GET"]}}],"collection":[{"href":"https:\/\/www.ptf.us.edu.pl\/wordpress\/index.php?rest_route=\/wp\/v2\/posts"}],"about":[{"href":"https:\/\/www.ptf.us.edu.pl\/wordpress\/index.php?rest_route=\/wp\/v2\/types\/post"}],"author":[{"embeddable":true,"href":"https:\/\/www.ptf.us.edu.pl\/wordpress\/index.php?rest_route=\/wp\/v2\/users\/1"}],"replies":[{"embeddable":true,"href":"https:\/\/www.ptf.us.edu.pl\/wordpress\/index.php?rest_route=%2Fwp%2Fv2%2Fcomments&post=1231"}],"version-history":[{"count":7,"href":"https:\/\/www.ptf.us.edu.pl\/wordpress\/index.php?rest_route=\/wp\/v2\/posts\/1231\/revisions"}],"predecessor-version":[{"id":1251,"href":"https:\/\/www.ptf.us.edu.pl\/wordpress\/index.php?rest_route=\/wp\/v2\/posts\/1231\/revisions\/1251"}],"wp:attachment":[{"href":"https:\/\/www.ptf.us.edu.pl\/wordpress\/index.php?rest_route=%2Fwp%2Fv2%2Fmedia&parent=1231"}],"wp:term":[{"taxonomy":"category","embeddable":true,"href":"https:\/\/www.ptf.us.edu.pl\/wordpress\/index.php?rest_route=%2Fwp%2Fv2%2Fcategories&post=1231"},{"taxonomy":"post_tag","embeddable":true,"href":"https:\/\/www.ptf.us.edu.pl\/wordpress\/index.php?rest_route=%2Fwp%2Fv2%2Ftags&post=1231"}],"curies":[{"name":"wp","href":"https:\/\/api.w.org\/{rel}","templated":true}]}}