{"id":1281,"date":"2022-10-23T14:24:19","date_gmt":"2022-10-23T14:24:19","guid":{"rendered":"https:\/\/www.ptf.us.edu.pl\/?p=1281"},"modified":"2022-10-23T14:24:19","modified_gmt":"2022-10-23T14:24:19","slug":"24-27-10-2022-wizyta-prof-donny-strickland","status":"publish","type":"post","link":"https:\/\/www.ptf.us.edu.pl\/wordpress\/?p=1281","title":{"rendered":"24. &#8211; 27.10.2022  Wizyta prof. Donny Strickland"},"content":{"rendered":"<p>Od poniedzia\u0142ku 24 pa\u017adziernika Uniwersytet \u015al\u0105ski b\u0119dzie go\u015bci\u0142 profesor Donn\u0119 Strickland. Trzeci\u0105 kobiet\u0119 &#8211; po Marii Sk\u0142odowskiej-Curie i katowiczance Marii Goeppert-Mayer &#8211; kt\u00f3ra otrzyma\u0142a Nagrod\u0119 Nobla z fizyki w 2018 roku.<br \/>\nZgodnie z protoko\u0142em Nagrody Nobla wyk\u0142ady nie b\u0119d\u0105 nagrywane, ale b\u0119dzie mo\u017cliwo\u015b\u0107 zdalnego uczestniczenia w wyst\u0105pieniach:<\/p>\n<p>24.10.2022 (poniedzia\u0142ek) Wyk\u0142ad Noblowski o godzinie 12:00<br \/>\n? ogl\u0105daj na YouTube: https:\/\/www.youtube.com\/watch?v=JliKcoLh8MY<\/p>\n<p>25.10.2022 (wtorek) o godzinie 10.00 wyk\u0142ad pt. &#8222;Investigation of multi-frequency Raman spectra.&#8221;<br \/>\n? ogl\u0105daj na on YouTube: https:\/\/www.youtube.com\/watch?v=zd0Zkv-4uYo<\/p>\n<p>27.10.2022 (czwartek) 18:00, prof. Strickland we\u017amie udzia\u0142 w dyskusji panelowej pt &#8222;The role of women in science&#8221;<br \/>\n? ogl\u0105daj na YouTube:  https:\/\/www.youtube.com\/watch?v=bsHqn0wYW2g<\/p>\n<p>Serdecznie zapraszamy<br \/>\nZarz\u0105d Oddzia\u0142u<\/p>\n","protected":false},"excerpt":{"rendered":"<p>Od poniedzia\u0142ku 24 pa\u017adziernika Uniwersytet \u015al\u0105ski b\u0119dzie go\u015bci\u0142 profesor Donn\u0119 Strickland. Trzeci\u0105 kobiet\u0119 &#8211; po Marii Sk\u0142odowskiej-Curie i katowiczance Marii Goeppert-Mayer &#8211; kt\u00f3ra otrzyma\u0142a Nagrod\u0119 Nobla z fizyki w 2018 roku. Zgodnie z protoko\u0142em Nagrody Nobla wyk\u0142ady nie b\u0119d\u0105 nagrywane, ale b\u0119dzie mo\u017cliwo\u015b\u0107 zdalnego uczestniczenia w wyst\u0105pieniach: 24.10.2022 (poniedzia\u0142ek) Wyk\u0142ad Noblowski o godzinie 12:00 ? &hellip; <a href=\"https:\/\/www.ptf.us.edu.pl\/wordpress\/?p=1281\" class=\"more-link\">Czytaj dalej <span class=\"screen-reader-text\">24. &#8211; 27.10.2022  Wizyta prof. Donny Strickland<\/span> <span class=\"meta-nav\">&rarr;<\/span><\/a><\/p>\n","protected":false},"author":1,"featured_media":0,"comment_status":"closed","ping_status":"closed","sticky":false,"template":"","format":"standard","meta":{"footnotes":""},"categories":[4,11,8],"tags":[],"class_list":["post-1281","post","type-post","status-publish","format-standard","hentry","category-akt","category-inne-wiadomosci","category-najblizsze-seminaria"],"_links":{"self":[{"href":"https:\/\/www.ptf.us.edu.pl\/wordpress\/index.php?rest_route=\/wp\/v2\/posts\/1281","targetHints":{"allow":["GET"]}}],"collection":[{"href":"https:\/\/www.ptf.us.edu.pl\/wordpress\/index.php?rest_route=\/wp\/v2\/posts"}],"about":[{"href":"https:\/\/www.ptf.us.edu.pl\/wordpress\/index.php?rest_route=\/wp\/v2\/types\/post"}],"author":[{"embeddable":true,"href":"https:\/\/www.ptf.us.edu.pl\/wordpress\/index.php?rest_route=\/wp\/v2\/users\/1"}],"replies":[{"embeddable":true,"href":"https:\/\/www.ptf.us.edu.pl\/wordpress\/index.php?rest_route=%2Fwp%2Fv2%2Fcomments&post=1281"}],"version-history":[{"count":2,"href":"https:\/\/www.ptf.us.edu.pl\/wordpress\/index.php?rest_route=\/wp\/v2\/posts\/1281\/revisions"}],"predecessor-version":[{"id":1283,"href":"https:\/\/www.ptf.us.edu.pl\/wordpress\/index.php?rest_route=\/wp\/v2\/posts\/1281\/revisions\/1283"}],"wp:attachment":[{"href":"https:\/\/www.ptf.us.edu.pl\/wordpress\/index.php?rest_route=%2Fwp%2Fv2%2Fmedia&parent=1281"}],"wp:term":[{"taxonomy":"category","embeddable":true,"href":"https:\/\/www.ptf.us.edu.pl\/wordpress\/index.php?rest_route=%2Fwp%2Fv2%2Fcategories&post=1281"},{"taxonomy":"post_tag","embeddable":true,"href":"https:\/\/www.ptf.us.edu.pl\/wordpress\/index.php?rest_route=%2Fwp%2Fv2%2Ftags&post=1281"}],"curies":[{"name":"wp","href":"https:\/\/api.w.org\/{rel}","templated":true}]}}