{"id":1404,"date":"2023-12-17T11:16:15","date_gmt":"2023-12-17T11:16:15","guid":{"rendered":"https:\/\/www.ptf.us.edu.pl\/wordpress\/?p=1404"},"modified":"2024-10-25T13:12:36","modified_gmt":"2024-10-25T11:12:36","slug":"11-01-2025-konwersatorium-ptf-dr-waldemar-ogloza-astronomia-w-czasach-antycznych","status":"publish","type":"post","link":"https:\/\/www.ptf.us.edu.pl\/wordpress\/?p=1404","title":{"rendered":"11.01.2024 &#8211; Konwersatorium PTF &#8211; dr Waldemar Og\u0142oza &#8211; Astronomia w  czasach antycznych"},"content":{"rendered":"<p class=\"western\" lang=\"pl-PL\" align=\"CENTER\"><b>Polskie Towarzystwo Fizyczne Oddzia\u0142 w Katowicach<br \/>\n<\/b><\/p>\n<p class=\"western\" lang=\"pl-PL\" align=\"CENTER\">zaprasza na konwersatorium na kt\u00f3rym:<\/p>\n<h3 class=\"western\" lang=\"pl-PL\" align=\"CENTER\">Dr Waldemar Og\u0142oza<\/h3>\n<p style=\"text-align: center;\">Obserwatorium UKEN na Suhorze, oraz Planetarium i Obserwatorium Astronomiczne im. Miko\u0142aja Kopernika w Chorzowie<span dir=\"ltr\">\u00a0<\/span><\/p>\n<p class=\"western\" lang=\"pl-PL\" align=\"CENTER\">wyg\u0142osi wyk\u0142ad w j\u0119zyku polskim pt.<\/p>\n<h2 style=\"text-align: center;\"><b>Astronomia w czasach antycznych<\/b><\/h2>\n<p style=\"text-align: justify;\">Tematem wyk\u0142adu b\u0119dzie astronomia z przed ponad 2000 lat. Jak ludzie w\u00f3wczas postrzegali niebo? Jakie praktyczne znaczenie mia\u0142y obserwacje S\u0142o\u0144ca, Ksi\u0119\u017cyca i planet? Jak radzono sobie z przewidywaniem za\u0107mie\u0144 i innych zjawisk astronomicznych? Jakie funkcje spe\u0142nia\u0142 tajemniczy mechanizm wydobyty z zatopionego wraku greckiego statku?<\/p>\n<p lang=\"pl-PL\" align=\"CENTER\"><b>Konwersatorium odb\u0119dzie si\u0119 hybrydowo w czwartek 11.01.2024 r. <\/b><strong>o godz. 16<sup>00<\/sup> w Auli Kopernika, ul. Bankowa 14 w Katowicach oraz poprzez platform\u0119 Teams.<br \/>\nDo transmisji w Teams mo\u017cna si\u0119 b\u0119dzie \u0142\u0105czy\u0107 od godz. 15:30.<br \/>\n<\/strong><\/p>\n<p>Link do transmisji: <a href=\"https:\/\/teams.microsoft.com\/l\/meetup-join\/19%3ameeting_YjE3NWQ5YzMtMzQ1YS00NDUxLWIxODctYjQ3ODg3MjAxZmJh%40thread.v2\/0?context=%7b%22Tid%22%3a%2250c76291-0c80-4444-a2fb-4f8ab168c311%22%2c%22Oid%22%3a%2213ce2fb9-5706-4d2e-b636-4e0fe56553a7%22%7d\"> Teams<\/a>.<\/p>\n<p>&nbsp;<\/p>\n<p><center><a href=\"https:\/\/www.ptf.us.edu.pl\/wordpress\/wp-content\/uploads\/2023\/12\/Ogloza.png\"><img fetchpriority=\"high\" decoding=\"async\" class=\"alignnone size-medium wp-image-1409\" src=\"https:\/\/www.ptf.us.edu.pl\/wordpress\/wp-content\/uploads\/2023\/12\/Ogloza-300x300.png\" alt=\"\" width=\"300\" height=\"300\" srcset=\"https:\/\/www.ptf.us.edu.pl\/wordpress\/wp-content\/uploads\/2023\/12\/Ogloza-300x300.png 300w, https:\/\/www.ptf.us.edu.pl\/wordpress\/wp-content\/uploads\/2023\/12\/Ogloza-150x150.png 150w, https:\/\/www.ptf.us.edu.pl\/wordpress\/wp-content\/uploads\/2023\/12\/Ogloza-45x45.png 45w, https:\/\/www.ptf.us.edu.pl\/wordpress\/wp-content\/uploads\/2023\/12\/Ogloza.png 433w\" sizes=\"(max-width: 300px) 100vw, 300px\" \/><\/a><\/center><img decoding=\"async\" class=\"wp-image-272 \" src=\"https:\/\/www.ptf.us.edu.pl\/wordpress\/wp-content\/uploads\/2015\/02\/ptf_logo-300x300.png\" alt=\"ptf_logo\" width=\"150\" height=\"150\" srcset=\"https:\/\/www.ptf.us.edu.pl\/wordpress\/wp-content\/uploads\/2015\/02\/ptf_logo-300x300.png 300w, https:\/\/www.ptf.us.edu.pl\/wordpress\/wp-content\/uploads\/2015\/02\/ptf_logo-150x150.png 150w, https:\/\/www.ptf.us.edu.pl\/wordpress\/wp-content\/uploads\/2015\/02\/ptf_logo-1020x1024.png 1020w, https:\/\/www.ptf.us.edu.pl\/wordpress\/wp-content\/uploads\/2015\/02\/ptf_logo-45x45.png 45w, https:\/\/www.ptf.us.edu.pl\/wordpress\/wp-content\/uploads\/2015\/02\/ptf_logo.png 1829w\" sizes=\"(max-width: 150px) 100vw, 150px\" \/><\/p>\n<p>&nbsp;<\/p>\n","protected":false},"excerpt":{"rendered":"<p>Polskie Towarzystwo Fizyczne Oddzia\u0142 w Katowicach zaprasza na konwersatorium na kt\u00f3rym: Dr Waldemar Og\u0142oza Obserwatorium UKEN na Suhorze, oraz Planetarium i Obserwatorium Astronomiczne im. Miko\u0142aja Kopernika w Chorzowie\u00a0 wyg\u0142osi wyk\u0142ad w j\u0119zyku polskim pt. Astronomia w czasach antycznych Tematem wyk\u0142adu b\u0119dzie astronomia z przed ponad 2000 lat. Jak ludzie w\u00f3wczas postrzegali niebo? Jakie praktyczne znaczenie &hellip; <a href=\"https:\/\/www.ptf.us.edu.pl\/wordpress\/?p=1404\" class=\"more-link\">Czytaj dalej <span class=\"screen-reader-text\">11.01.2024 &#8211; Konwersatorium PTF &#8211; dr Waldemar Og\u0142oza &#8211; Astronomia w  czasach antycznych<\/span> <span class=\"meta-nav\">&rarr;<\/span><\/a><\/p>\n","protected":false},"author":1,"featured_media":0,"comment_status":"closed","ping_status":"closed","sticky":false,"template":"","format":"standard","meta":{"footnotes":""},"categories":[4,8,7,5],"tags":[],"class_list":["post-1404","post","type-post","status-publish","format-standard","hentry","category-akt","category-najblizsze-seminaria","category-planowane-seminaria","category-sem"],"_links":{"self":[{"href":"https:\/\/www.ptf.us.edu.pl\/wordpress\/index.php?rest_route=\/wp\/v2\/posts\/1404","targetHints":{"allow":["GET"]}}],"collection":[{"href":"https:\/\/www.ptf.us.edu.pl\/wordpress\/index.php?rest_route=\/wp\/v2\/posts"}],"about":[{"href":"https:\/\/www.ptf.us.edu.pl\/wordpress\/index.php?rest_route=\/wp\/v2\/types\/post"}],"author":[{"embeddable":true,"href":"https:\/\/www.ptf.us.edu.pl\/wordpress\/index.php?rest_route=\/wp\/v2\/users\/1"}],"replies":[{"embeddable":true,"href":"https:\/\/www.ptf.us.edu.pl\/wordpress\/index.php?rest_route=%2Fwp%2Fv2%2Fcomments&post=1404"}],"version-history":[{"count":6,"href":"https:\/\/www.ptf.us.edu.pl\/wordpress\/index.php?rest_route=\/wp\/v2\/posts\/1404\/revisions"}],"predecessor-version":[{"id":1439,"href":"https:\/\/www.ptf.us.edu.pl\/wordpress\/index.php?rest_route=\/wp\/v2\/posts\/1404\/revisions\/1439"}],"wp:attachment":[{"href":"https:\/\/www.ptf.us.edu.pl\/wordpress\/index.php?rest_route=%2Fwp%2Fv2%2Fmedia&parent=1404"}],"wp:term":[{"taxonomy":"category","embeddable":true,"href":"https:\/\/www.ptf.us.edu.pl\/wordpress\/index.php?rest_route=%2Fwp%2Fv2%2Fcategories&post=1404"},{"taxonomy":"post_tag","embeddable":true,"href":"https:\/\/www.ptf.us.edu.pl\/wordpress\/index.php?rest_route=%2Fwp%2Fv2%2Ftags&post=1404"}],"curies":[{"name":"wp","href":"https:\/\/api.w.org\/{rel}","templated":true}]}}