{"id":289,"date":"2015-02-12T12:17:38","date_gmt":"2015-02-12T12:17:38","guid":{"rendered":"http:\/\/www.ptf.us.edu.pl\/?p=289"},"modified":"2015-05-04T09:14:41","modified_gmt":"2015-05-04T09:14:41","slug":"pror-dr-hab-jacek-a-jania-15-04-2015","status":"publish","type":"post","link":"https:\/\/www.ptf.us.edu.pl\/wordpress\/?p=289","title":{"rendered":"Prof. dr hab. Jacek A. Jania, 15.04.2015"},"content":{"rendered":"<p class=\"western\" lang=\"pl-PL\" align=\"CENTER\"><span style=\"color: #003300;\"><span style=\"font-family: Arial,sans-serif;\"><span style=\"font-size: x-large;\"><b>Polskie Towarzystwo Fizyczne Oddzia\u0142 Katowicki<\/b><\/span><\/span><\/span><\/p>\n<p class=\"western\" lang=\"pl-PL\" align=\"CENTER\"><span style=\"font-family: Arial,sans-serif;\"><span style=\"font-size: large;\">zaprasza na konwersatorium, na kt\u00f3rym:<\/span><\/span><\/p>\n<h6 class=\"western\" lang=\"pl-PL\" align=\"CENTER\"><strong>Prof. dr hab. Jacek A. Jania<\/strong><\/h6>\n<p align=\"CENTER\"><span style=\"font-size: medium;\">Centrum Studi\u00f3w Polarnych Uniwersytetu \u015al\u0105skiego<br \/>\nKrajowy Naukowy O\u015brodek Wiod\u0105cy (KNOW, 2014-2018)<\/span><\/p>\n<p class=\"western\" lang=\"pl-PL\" align=\"CENTER\"><span style=\"font-family: Arial,sans-serif;\"><span style=\"font-size: large;\">Wyg\u0142osi wyk\u0142ad na temat:<\/span><\/span><\/p>\n<p align=\"CENTER\"><span style=\"font-size: large;\"><span style=\"line-height: 27px;\"><b>Odpowied\u017a lodowc\u00f3w na zmiany klimatu<\/b><\/span><\/span><\/p>\n<p align=\"JUSTIFY\"><span style=\"font-size: medium;\"><br \/>\nWsp\u00f3\u0142czesne ocieplanie klimatu wp\u0142ywa na stan lodowc\u00f3w na ca\u0142ej Ziemi.\u00a0Najintensywniej ociepla si\u0119 Arktyka w sektorze Atlantyckim (o ok. 1<sup>o<\/sup>\u00a0C\/10 lat). W tym regionie po\u0142o\u017cony jest silnie zlodowacony Spitsbergen,\u00a0gdzie pracuje w cyklu ca\u0142orocznym (od 1978 r.) Polska Stacja Polarna\u00a0(77<sup>o<\/sup> N). W otoczeniu fiordu Hornsund zesp\u00f3\u0142 Uniwersytetu \u015al\u0105skiego\u00a0prowadzi systematyczne badania lodowc\u00f3w od 1982 r. Byli\u015bmy pionierami i\u00a0specjalizujemy si\u0119 w zrozumieniu reakcji lodowc\u00f3w uchodz\u0105cych do morza na\u00a0zmiany klimatu. Procesy fizyczne na kontakcie atmosfery, oceanu i\u00a0j\u0119zor\u00f3w lodowcowych s\u0105 skomplikowane i nie w pe\u0142ni poznane. Stanowi\u0105\u00a0przedmiot studi\u00f3w wielu grup badawczych.<br \/>\nWszystkie lodowce reaguj\u0105 na ocieplaj\u0105cy si\u0119 klimat zwi\u0119kszonym\u00a0topnieniem powierzchni i zmniejszaniem swojej masy i rozleg\u0142o\u015bci.\u00a0Wi\u0119ksze ilo\u015bci wody roztopowej wnikaj\u0105 w g\u0142\u0105b lodowc\u00f3w i docieraj\u0105 do\u00a0ich dna. Wy\u017csze ci\u015bnienie tych w\u00f3d przy\u015bpiesza po\u015blizg lodu po pod\u0142o\u017cu i\u00a0zwi\u0119ksza ruch w stron\u0119 morza. W konsekwencji nast\u0119puje intensywniejsze\u00a0od\u0142amywanie si\u0119 g\u00f3r lodowych (cielenie si\u0119 lodowc\u00f3w). Proces ten jest\u00a0dynamiczn\u0105 odpowiedzi\u0105 lodowc\u00f3w. Ma on istotne znaczenie dla podnoszenia\u00a0poziomu oceanu \u015bwiatowego. Mimo wielu pr\u00f3b og\u00f3lne \u201eprawo cielenia\u201d lodowc\u00f3w nie zosta\u0142o ci\u0105gle opracowane.<br \/>\nW czasie seminarium przedstawione zostan\u0105 niekt\u00f3re pomiarowe prace na\u00a0lodowcach z wykorzystaniem r\u00f3\u017cnych metod. Ponadto najwa\u017cniejsze wyniki\u00a0bada\u0144 zespo\u0142u U\u015a, na tle rezultat\u00f3w \u015bwiatowych. Czyli co do tej pory\u00a0wiemy o reakcji lodowc\u00f3w na ocieplanie klimatu. Zaprezentowane b\u0119d\u0105\u00a0tak\u017ce otwarte pytania. S\u0105 one wyzwaniem dla glacjolog\u00f3w i fizyk\u00f3w.\u00a0Zesp\u00f3\u0142 proces\u00f3w fizycznych uczestnicz\u0105cych w przebiegu zjawiska cielenia\u00a0nale\u017cy do najtrudniejszych do ustalenia, zmierzenia i precyzyjnego\u00a0opisania ilo\u015bciowego.<\/span><\/p>\n<p lang=\"pl-PL\" align=\"CENTER\"><span style=\"color: #800080;\"><span style=\"font-family: Arial,sans-serif;\"><span style=\"font-size: large;\"><b>Konwersatorium odb\u0119dzie si\u0119 dnia<span style=\"text-decoration: underline;\">\u00a015.04.2015 r. o\u00a0godz. 15<\/span><sup><span style=\"text-decoration: underline;\">30<\/span><\/sup><br \/>\nw Sali Audytoryjnej II\u00a0w Instytucie Fizyki Uniwersytetu \u015al\u0105skiego Katowice, ul.\u00a0Uniwersytecka 4<\/b><\/span><\/span><\/span><\/p>\n<p lang=\"pl-PL\" align=\"CENTER\"><span style=\"color: #008000;\"><span style=\"font-family: Arial,sans-serif;\"><span style=\"font-size: large;\"><b>SERDECZNIE ZAPRASZAMY!<\/b><\/span><\/span><\/span><\/p>\n","protected":false},"excerpt":{"rendered":"<p>Polskie Towarzystwo Fizyczne Oddzia\u0142 Katowicki zaprasza na konwersatorium, na kt\u00f3rym: Prof. dr hab. Jacek A. Jania Centrum Studi\u00f3w Polarnych Uniwersytetu \u015al\u0105skiego Krajowy Naukowy O\u015brodek Wiod\u0105cy (KNOW, 2014-2018) Wyg\u0142osi wyk\u0142ad na temat: Odpowied\u017a lodowc\u00f3w na zmiany klimatu Wsp\u00f3\u0142czesne ocieplanie klimatu wp\u0142ywa na stan lodowc\u00f3w na ca\u0142ej Ziemi.\u00a0Najintensywniej ociepla si\u0119 Arktyka w sektorze Atlantyckim (o ok. 1o\u00a0C\/10 &hellip; <a href=\"https:\/\/www.ptf.us.edu.pl\/wordpress\/?p=289\" class=\"more-link\">Czytaj dalej <span class=\"screen-reader-text\">Prof. dr hab. Jacek A. Jania, 15.04.2015<\/span> <span class=\"meta-nav\">&rarr;<\/span><\/a><\/p>\n","protected":false},"author":1,"featured_media":267,"comment_status":"closed","ping_status":"closed","sticky":false,"template":"","format":"standard","meta":{"footnotes":""},"categories":[5],"tags":[],"class_list":["post-289","post","type-post","status-publish","format-standard","has-post-thumbnail","hentry","category-sem"],"_links":{"self":[{"href":"https:\/\/www.ptf.us.edu.pl\/wordpress\/index.php?rest_route=\/wp\/v2\/posts\/289","targetHints":{"allow":["GET"]}}],"collection":[{"href":"https:\/\/www.ptf.us.edu.pl\/wordpress\/index.php?rest_route=\/wp\/v2\/posts"}],"about":[{"href":"https:\/\/www.ptf.us.edu.pl\/wordpress\/index.php?rest_route=\/wp\/v2\/types\/post"}],"author":[{"embeddable":true,"href":"https:\/\/www.ptf.us.edu.pl\/wordpress\/index.php?rest_route=\/wp\/v2\/users\/1"}],"replies":[{"embeddable":true,"href":"https:\/\/www.ptf.us.edu.pl\/wordpress\/index.php?rest_route=%2Fwp%2Fv2%2Fcomments&post=289"}],"version-history":[{"count":8,"href":"https:\/\/www.ptf.us.edu.pl\/wordpress\/index.php?rest_route=\/wp\/v2\/posts\/289\/revisions"}],"predecessor-version":[{"id":336,"href":"https:\/\/www.ptf.us.edu.pl\/wordpress\/index.php?rest_route=\/wp\/v2\/posts\/289\/revisions\/336"}],"wp:featuredmedia":[{"embeddable":true,"href":"https:\/\/www.ptf.us.edu.pl\/wordpress\/index.php?rest_route=\/wp\/v2\/media\/267"}],"wp:attachment":[{"href":"https:\/\/www.ptf.us.edu.pl\/wordpress\/index.php?rest_route=%2Fwp%2Fv2%2Fmedia&parent=289"}],"wp:term":[{"taxonomy":"category","embeddable":true,"href":"https:\/\/www.ptf.us.edu.pl\/wordpress\/index.php?rest_route=%2Fwp%2Fv2%2Fcategories&post=289"},{"taxonomy":"post_tag","embeddable":true,"href":"https:\/\/www.ptf.us.edu.pl\/wordpress\/index.php?rest_route=%2Fwp%2Fv2%2Ftags&post=289"}],"curies":[{"name":"wp","href":"https:\/\/api.w.org\/{rel}","templated":true}]}}