{"id":337,"date":"2015-03-05T09:24:58","date_gmt":"2015-03-05T09:24:58","guid":{"rendered":"http:\/\/www.ptf.us.edu.pl\/?p=337"},"modified":"2015-03-30T20:56:42","modified_gmt":"2015-03-30T20:56:42","slug":"swieto-liczby-pi-13-marca-2015","status":"publish","type":"post","link":"https:\/\/www.ptf.us.edu.pl\/wordpress\/?p=337","title":{"rendered":"Wydzia\u0142 Mat-Fiz Chem U\u015a, \u015awi\u0119to Liczby Pi, 13 marca 2015"},"content":{"rendered":"<h3 style=\"text-align: center;\">IX \u015awi\u0119to Pi<\/h3>\n<p>Tegoroczna edycja \u015bwi\u0119ta Pi odb\u0119dzie si\u0119 <strong>13-go marca<\/strong> &#8211; tradycyjnie w murach Wydzia\u0142u Matematyki Fizyki i Chemii Uniwersytetu \u015al\u0105skiego w Katowicach. Szczeg\u00f3\u0142owy harmonogram obchod\u00f3w \u015bwi\u0119ta dost\u0119pny jest na stronie internetowej: <a href=\"http:\/\/swietopi.pl\" target=\"_blank\">http:\/\/swietopi.pl<\/a>.<\/p>\n","protected":false},"excerpt":{"rendered":"<p>IX \u015awi\u0119to Pi Tegoroczna edycja \u015bwi\u0119ta Pi odb\u0119dzie si\u0119 13-go marca &#8211; tradycyjnie w murach Wydzia\u0142u Matematyki Fizyki i Chemii Uniwersytetu \u015al\u0105skiego w Katowicach. Szczeg\u00f3\u0142owy harmonogram obchod\u00f3w \u015bwi\u0119ta dost\u0119pny jest na stronie internetowej: http:\/\/swietopi.pl.<\/p>\n","protected":false},"author":2,"featured_media":351,"comment_status":"closed","ping_status":"closed","sticky":false,"template":"","format":"standard","meta":{"footnotes":""},"categories":[4],"tags":[],"class_list":["post-337","post","type-post","status-publish","format-standard","has-post-thumbnail","hentry","category-akt"],"_links":{"self":[{"href":"https:\/\/www.ptf.us.edu.pl\/wordpress\/index.php?rest_route=\/wp\/v2\/posts\/337","targetHints":{"allow":["GET"]}}],"collection":[{"href":"https:\/\/www.ptf.us.edu.pl\/wordpress\/index.php?rest_route=\/wp\/v2\/posts"}],"about":[{"href":"https:\/\/www.ptf.us.edu.pl\/wordpress\/index.php?rest_route=\/wp\/v2\/types\/post"}],"author":[{"embeddable":true,"href":"https:\/\/www.ptf.us.edu.pl\/wordpress\/index.php?rest_route=\/wp\/v2\/users\/2"}],"replies":[{"embeddable":true,"href":"https:\/\/www.ptf.us.edu.pl\/wordpress\/index.php?rest_route=%2Fwp%2Fv2%2Fcomments&post=337"}],"version-history":[{"count":4,"href":"https:\/\/www.ptf.us.edu.pl\/wordpress\/index.php?rest_route=\/wp\/v2\/posts\/337\/revisions"}],"predecessor-version":[{"id":350,"href":"https:\/\/www.ptf.us.edu.pl\/wordpress\/index.php?rest_route=\/wp\/v2\/posts\/337\/revisions\/350"}],"wp:featuredmedia":[{"embeddable":true,"href":"https:\/\/www.ptf.us.edu.pl\/wordpress\/index.php?rest_route=\/wp\/v2\/media\/351"}],"wp:attachment":[{"href":"https:\/\/www.ptf.us.edu.pl\/wordpress\/index.php?rest_route=%2Fwp%2Fv2%2Fmedia&parent=337"}],"wp:term":[{"taxonomy":"category","embeddable":true,"href":"https:\/\/www.ptf.us.edu.pl\/wordpress\/index.php?rest_route=%2Fwp%2Fv2%2Fcategories&post=337"},{"taxonomy":"post_tag","embeddable":true,"href":"https:\/\/www.ptf.us.edu.pl\/wordpress\/index.php?rest_route=%2Fwp%2Fv2%2Ftags&post=337"}],"curies":[{"name":"wp","href":"https:\/\/api.w.org\/{rel}","templated":true}]}}