{"id":450,"date":"2015-10-03T21:51:29","date_gmt":"2015-10-03T21:51:29","guid":{"rendered":"http:\/\/www.ptf.us.edu.pl\/?p=450"},"modified":"2022-01-19T12:07:47","modified_gmt":"2022-01-19T12:07:47","slug":"nagrody-ptf","status":"publish","type":"post","link":"https:\/\/www.ptf.us.edu.pl\/wordpress\/?p=450","title":{"rendered":"Nagrody PTF 2015"},"content":{"rendered":"<p class=\"western\" lang=\"pl-PL\" align=\"CENTER\"><span style=\"color: #003300;\"><span style=\"font-family: Arial,sans-serif;\"><span style=\"font-size: x-large;\"><b>Nagrody PTF 2015<br \/>\n<\/b><\/span><\/span><\/span><\/p>\n<p style=\"text-indent: 3em; text-align: justify;\">W ramach XLIII Zjazdu Fizyk\u00f3w Polskich odbywaj\u0105cego si\u0119 w tym roku w Kielcach, zostali uhonorowani wybitni uczeni, nauczyciele oraz popularyzatorzy fizyki. Przy rozdawaniu nagr\u00f3d Polskiego Towarzystwa Fizycznego nie pomini\u0119to cz\u0142onk\u00f3w oraz os\u00f3b zwi\u0105zanych z Oddzia\u0142em Katowickim PTF.<\/p>\n<p style=\"text-indent: 3em; text-align: justify;\">Jury zdecydowa\u0142o si\u0119 wyr\u00f3\u017cni\u0107 Pani\u0105 Ma\u0142gorzat\u0119 Szymur\u0119 za scenariusz cyklu lekcji \u201ePromieniowanie cia\u0142. Widma.\u201d W\u015br\u00f3d nagrodzonych znalaz\u0142o si\u0119 dw\u00f3ch pracownik\u00f3w Instytutu Fizyki w Katowicach:<\/p>\n<ul>\n<li>Dr Bart\u0142omiej Gardas- nagrodzony nagrod\u0105 PTF za rozpraw\u0119 doktorsk\u0105 pt \u201eRicatti equation in studies of spin-boson systems\u201d,<\/li>\n<li>Prof. dr hab. Marian Paluch- nagrodzony wyr\u00f3\u017cnieniem naukowym PTF im. Wojciecha Rubinowicza za \u201eBadania zjawisk relaksacyjnych w materii skondensowanej\u201d.<\/li>\n<\/ul>\n<p>Wi\u0119cej informacji mo\u017cna znale\u017a\u0107 na stronach:<\/p>\n<p><a title=\"http:\/\/www.ptf.net.pl\/pl\/jak-uczyc-o-swietle-konkurs\/\" href=\"http:\/\/www.ptf.net.pl\/pl\/jak-uczyc-o-swietle-konkurs\/\">http:\/\/www.ptf.net.pl\/pl\/jak-uczyc-o-swietle-konkurs\/<\/a><\/p>\n<p><a title=\"http:\/\/www.ptf.net.pl\/pl\/aktualnosci\/informacje-biezace\/nagrody-ptf-za-2015r\/\" href=\"http:\/\/www.ptf.net.pl\/pl\/aktualnosci\/informacje-biezace\/nagrody-ptf-za-2015r\/\">http:\/\/www.ptf.net.pl\/pl\/aktualnosci\/informacje-biezace\/nagrody-ptf-za-2015r\/<\/a><\/p>\n<p>Laureatom serdecznie gratulujemy.<\/p>\n","protected":false},"excerpt":{"rendered":"<p>Nagrody PTF 2015 W ramach XLIII Zjazdu Fizyk\u00f3w Polskich odbywaj\u0105cego si\u0119 w tym roku w Kielcach, zostali uhonorowani wybitni uczeni, nauczyciele oraz popularyzatorzy fizyki. Przy rozdawaniu nagr\u00f3d Polskiego Towarzystwa Fizycznego nie pomini\u0119to cz\u0142onk\u00f3w oraz os\u00f3b zwi\u0105zanych z Oddzia\u0142em Katowickim PTF. Jury zdecydowa\u0142o si\u0119 wyr\u00f3\u017cni\u0107 Pani\u0105 Ma\u0142gorzat\u0119 Szymur\u0119 za scenariusz cyklu lekcji \u201ePromieniowanie cia\u0142. Widma.\u201d W\u015br\u00f3d &hellip; <a href=\"https:\/\/www.ptf.us.edu.pl\/wordpress\/?p=450\" class=\"more-link\">Czytaj dalej <span class=\"screen-reader-text\">Nagrody PTF 2015<\/span> <span class=\"meta-nav\">&rarr;<\/span><\/a><\/p>\n","protected":false},"author":1,"featured_media":0,"comment_status":"closed","ping_status":"closed","sticky":false,"template":"","format":"standard","meta":{"footnotes":""},"categories":[11],"tags":[],"class_list":["post-450","post","type-post","status-publish","format-standard","hentry","category-inne-wiadomosci"],"_links":{"self":[{"href":"https:\/\/www.ptf.us.edu.pl\/wordpress\/index.php?rest_route=\/wp\/v2\/posts\/450","targetHints":{"allow":["GET"]}}],"collection":[{"href":"https:\/\/www.ptf.us.edu.pl\/wordpress\/index.php?rest_route=\/wp\/v2\/posts"}],"about":[{"href":"https:\/\/www.ptf.us.edu.pl\/wordpress\/index.php?rest_route=\/wp\/v2\/types\/post"}],"author":[{"embeddable":true,"href":"https:\/\/www.ptf.us.edu.pl\/wordpress\/index.php?rest_route=\/wp\/v2\/users\/1"}],"replies":[{"embeddable":true,"href":"https:\/\/www.ptf.us.edu.pl\/wordpress\/index.php?rest_route=%2Fwp%2Fv2%2Fcomments&post=450"}],"version-history":[{"count":12,"href":"https:\/\/www.ptf.us.edu.pl\/wordpress\/index.php?rest_route=\/wp\/v2\/posts\/450\/revisions"}],"predecessor-version":[{"id":475,"href":"https:\/\/www.ptf.us.edu.pl\/wordpress\/index.php?rest_route=\/wp\/v2\/posts\/450\/revisions\/475"}],"wp:attachment":[{"href":"https:\/\/www.ptf.us.edu.pl\/wordpress\/index.php?rest_route=%2Fwp%2Fv2%2Fmedia&parent=450"}],"wp:term":[{"taxonomy":"category","embeddable":true,"href":"https:\/\/www.ptf.us.edu.pl\/wordpress\/index.php?rest_route=%2Fwp%2Fv2%2Fcategories&post=450"},{"taxonomy":"post_tag","embeddable":true,"href":"https:\/\/www.ptf.us.edu.pl\/wordpress\/index.php?rest_route=%2Fwp%2Fv2%2Ftags&post=450"}],"curies":[{"name":"wp","href":"https:\/\/api.w.org\/{rel}","templated":true}]}}