{"id":485,"date":"2015-11-26T19:54:29","date_gmt":"2015-11-26T19:54:29","guid":{"rendered":"http:\/\/www.ptf.us.edu.pl\/?p=485"},"modified":"2015-11-26T20:10:07","modified_gmt":"2015-11-26T20:10:07","slug":"ccc","status":"publish","type":"post","link":"https:\/\/www.ptf.us.edu.pl\/wordpress\/?p=485","title":{"rendered":"10 grudzie\u0144 2015, mgr Damian Kimla i mgr S\u0142awomir Binek &#8222;Kto pyta ten &#8230; wie&#8221;"},"content":{"rendered":"<p class=\"western\" lang=\"pl-PL\" align=\"CENTER\"><span style=\"color: #003300;\"><span style=\"font-family: Arial,sans-serif;\"><span style=\"font-size: x-large;\"><b>Polskie Towarzystwo Fizyczne Oddzia\u0142 Katowicki<\/b><\/span><\/span><\/span><\/p>\n<p class=\"western\" lang=\"pl-PL\" align=\"CENTER\"><span style=\"font-family: Arial,sans-serif;\"><span style=\"font-size: large;\">zaprasza na konwersatorium na kt\u00f3rym:<\/span><\/span><\/p>\n<h6 class=\"western\" lang=\"pl-PL\" align=\"CENTER\">\u00a0mgr Damian Kimla (nauczyciel, VI Liceum Og\u00f3lnokszta\u0142c\u0105ce im. J. Korczaka w Sosnowcu)<\/h6>\n<h6 class=\"western\" lang=\"pl-PL\" align=\"CENTER\">oraz<\/h6>\n<h6 class=\"western\" lang=\"pl-PL\" align=\"CENTER\">mgr S\u0142awomir Binek (nauczyciel, Powiatowy Zesp\u00f3\u0142 Szk\u00f3\u0142 w Bieruniu)<\/h6>\n<p class=\"western\" lang=\"pl-PL\" align=\"CENTER\"><span style=\"font-family: Arial,sans-serif;\"><span style=\"font-size: large;\">Wyg\u0142osz\u0105 wyk\u0142ad:<\/span><\/span><\/p>\n<h2 style=\"text-align: center;\"><span style=\"font-size: large;\"><span style=\"line-height: 27px;\"><b>\u00a0<\/b><\/span><\/span><b>Kto pyta ten\u2026 wie<br \/>\n<\/b><\/h2>\n<p style=\"text-align: justify;\" align=\"JUSTIFY\"><span style=\"font-size: medium;\"><br \/>\n<\/span><\/p>\n<p>Wyk\u0142ad zwi\u0105zany jest z tematyk\u0105 planowanych rozpraw doktorskich przygotowywanych w Instytucie Fizyki U\u015a po\u015bwi\u0119conych zagadnieniom nauczania fizyki w szkole.<\/p>\n<p>Czy lekcje fizyki mog\u0105 wywo\u0142ywa\u0107 w\u015br\u00f3d uczni\u00f3w pozytywne emocje? Co zrobi\u0107, \u017ceby lekcja budzi\u0142a zainteresowanie przez ca\u0142e 45 minut? Skupienie uczni\u00f3w podczas zaj\u0119\u0107 edukacyjnych statystycznie trwa nie d\u0142u\u017cej ni\u017c 10 minut. Efektywno\u015b\u0107 nauczania fizyki w szkole \u015bredniej ma istotne znaczenie, r\u00f3wnie\u017c w kolejnym etapie kszta\u0142cenia, a rozbudzenie zami\u0142owania do nauk \u015bcis\u0142ych bezpo\u015brednio przek\u0142ada si\u0119 na liczb\u0119 przysz\u0142ych student\u00f3w fizyki i kierunk\u00f3w pokrewnych.<\/p>\n<p>Jeste\u015bmy nauczycielami, kt\u00f3rzy wdro\u017cyli w swoich szko\u0142ach nowatorsk\u0105, w naszym \u015brodowisku, metod\u0119 nauczania \u2013 system indywidualnych odpowiedzi.<\/p>\n<p>Przedstawimy narz\u0119dzia, z kt\u00f3rych korzystamy oraz zaprezentujemy Pa\u0144stwu wyniki naszych bada\u0144. Pozwoli\u0142y one odpowiedzie\u0107 na pytanie czy to co robimy nie tylko jest ciekawe, ale czy r\u00f3wnie\u017c skuteczne.<\/p>\n<p style=\"text-align: justify;\" align=\"JUSTIFY\"><span style=\"font-size: medium;\"><br \/>\n<\/span><\/p>\n<p lang=\"pl-PL\" align=\"CENTER\"><span style=\"color: #800080;\"><span style=\"font-family: Arial,sans-serif;\"><span style=\"font-size: large;\"><b>Konwersatorium odb\u0119dzie si\u0119 dnia<span style=\"text-decoration: underline;\"> 10.12.2015 r. o\u00a0godz. 16<\/span><sup><span style=\"text-decoration: underline;\">00<\/span><\/sup><br \/>\nw Sali Audytoryjnej II\u00a0w Instytucie Fizyki Uniwersytetu \u015al\u0105skiego Katowice, ul.\u00a0Uniwersytecka 4<\/b><\/span><\/span><\/span><\/p>\n<p lang=\"pl-PL\" align=\"CENTER\"><span style=\"color: #008000;\"><span style=\"font-family: Arial,sans-serif;\"><span style=\"font-size: large;\"><b>SERDECZNIE ZAPRASZAMY!<\/b><\/span><\/span><\/span><\/p>\n","protected":false},"excerpt":{"rendered":"<p>Polskie Towarzystwo Fizyczne Oddzia\u0142 Katowicki zaprasza na konwersatorium na kt\u00f3rym: \u00a0mgr Damian Kimla (nauczyciel, VI Liceum Og\u00f3lnokszta\u0142c\u0105ce im. J. Korczaka w Sosnowcu) oraz mgr S\u0142awomir Binek (nauczyciel, Powiatowy Zesp\u00f3\u0142 Szk\u00f3\u0142 w Bieruniu) Wyg\u0142osz\u0105 wyk\u0142ad: \u00a0Kto pyta ten\u2026 wie Wyk\u0142ad zwi\u0105zany jest z tematyk\u0105 planowanych rozpraw doktorskich przygotowywanych w Instytucie Fizyki U\u015a po\u015bwi\u0119conych zagadnieniom nauczania fizyki &hellip; <a href=\"https:\/\/www.ptf.us.edu.pl\/wordpress\/?p=485\" class=\"more-link\">Czytaj dalej <span class=\"screen-reader-text\">10 grudzie\u0144 2015, mgr Damian Kimla i mgr S\u0142awomir Binek &#8222;Kto pyta ten &#8230; wie&#8221;<\/span> <span class=\"meta-nav\">&rarr;<\/span><\/a><\/p>\n","protected":false},"author":2,"featured_media":0,"comment_status":"closed","ping_status":"closed","sticky":false,"template":"","format":"standard","meta":{"footnotes":""},"categories":[7,5],"tags":[],"class_list":["post-485","post","type-post","status-publish","format-standard","hentry","category-planowane-seminaria","category-sem"],"_links":{"self":[{"href":"https:\/\/www.ptf.us.edu.pl\/wordpress\/index.php?rest_route=\/wp\/v2\/posts\/485","targetHints":{"allow":["GET"]}}],"collection":[{"href":"https:\/\/www.ptf.us.edu.pl\/wordpress\/index.php?rest_route=\/wp\/v2\/posts"}],"about":[{"href":"https:\/\/www.ptf.us.edu.pl\/wordpress\/index.php?rest_route=\/wp\/v2\/types\/post"}],"author":[{"embeddable":true,"href":"https:\/\/www.ptf.us.edu.pl\/wordpress\/index.php?rest_route=\/wp\/v2\/users\/2"}],"replies":[{"embeddable":true,"href":"https:\/\/www.ptf.us.edu.pl\/wordpress\/index.php?rest_route=%2Fwp%2Fv2%2Fcomments&post=485"}],"version-history":[{"count":5,"href":"https:\/\/www.ptf.us.edu.pl\/wordpress\/index.php?rest_route=\/wp\/v2\/posts\/485\/revisions"}],"predecessor-version":[{"id":490,"href":"https:\/\/www.ptf.us.edu.pl\/wordpress\/index.php?rest_route=\/wp\/v2\/posts\/485\/revisions\/490"}],"wp:attachment":[{"href":"https:\/\/www.ptf.us.edu.pl\/wordpress\/index.php?rest_route=%2Fwp%2Fv2%2Fmedia&parent=485"}],"wp:term":[{"taxonomy":"category","embeddable":true,"href":"https:\/\/www.ptf.us.edu.pl\/wordpress\/index.php?rest_route=%2Fwp%2Fv2%2Fcategories&post=485"},{"taxonomy":"post_tag","embeddable":true,"href":"https:\/\/www.ptf.us.edu.pl\/wordpress\/index.php?rest_route=%2Fwp%2Fv2%2Ftags&post=485"}],"curies":[{"name":"wp","href":"https:\/\/api.w.org\/{rel}","templated":true}]}}