{"id":497,"date":"2016-01-13T14:03:42","date_gmt":"2016-01-13T14:03:42","guid":{"rendered":"http:\/\/www.ptf.us.edu.pl\/?p=497"},"modified":"2019-02-27T12:22:27","modified_gmt":"2019-02-27T12:22:27","slug":"prof-bogdan-cichocki-3-marca-2016-o-marianie-smoluchowskim-na-niecale-dwa-lata-przed-setna-rocznica-smierci","status":"publish","type":"post","link":"https:\/\/www.ptf.us.edu.pl\/wordpress\/?p=497","title":{"rendered":"3 marca 2016, prof. Bogdan Cichocki &#8222;O Marianie Smoluchowskim na nieca\u0142e dwa lata przed setn\u0105 rocznic\u0105 \u015bmierci&#8221;"},"content":{"rendered":"<p class=\"western\" lang=\"pl-PL\" align=\"CENTER\"><span style=\"color: #003300;\"><span style=\"font-family: Arial,sans-serif;\"><span style=\"font-size: x-large;\"><b>Polskie Towarzystwo Fizyczne Oddzia\u0142 Katowicki<\/b><\/span><\/span><\/span><\/p>\n<p class=\"western\" lang=\"pl-PL\" align=\"CENTER\"><span style=\"font-family: Arial,sans-serif;\"><span style=\"font-size: large;\">zaprasza na konwersatorium na kt\u00f3rym:<\/span><\/span><\/p>\n<h6 class=\"western\" lang=\"pl-PL\" align=\"CENTER\">\u00a0prof. dr hab. Bogdan Cichocki<\/h6>\n<p style=\"text-align: center;\">Uniwersytet Warszawski<\/p>\n<p class=\"western\" lang=\"pl-PL\" align=\"CENTER\"><span style=\"font-family: Arial,sans-serif;\"><span style=\"font-size: large;\">Wyg\u0142osi wyk\u0142ad:<\/span><\/span><\/p>\n<h2 style=\"text-align: center;\"><span style=\"font-size: large;\"><span style=\"line-height: 27px;\"><b>\u00a0<\/b><\/span><\/span><b>O Marianie Smoluchowskim na nieca\u0142e dwa lata przed setn\u0105 rocznic\u0105 \u015bmierci<br \/>\n<\/b><\/h2>\n<p>We wrze\u015bniu 2017 r. minie sto lat od przedwczesnej \u015bmierci genialnego fizyka polskiego Mariana Smoluchowskiego. Wyk\u0142ad po\u015bwi\u0119cony b\u0119dzie przedstawieniu jego pasjonuj\u0105cej drogi \u017cyciowej i om\u00f3wieniu jego osi\u0105gni\u0119\u0107 naukowych. W szczeg\u00f3lno\u015bci zostanie przypomniana jego niezwykle wa\u017cna rola jak\u0105 odegra\u0142 w &#8222;powo\u0142aniu atom\u00f3w do \u017cycia&#8221;.<\/p>\n<p lang=\"pl-PL\" align=\"CENTER\"><span style=\"color: #800080;\"><span style=\"font-family: Arial,sans-serif;\"><span style=\"font-size: large;\"><b>Konwersatorium odb\u0119dzie si\u0119 dnia<span style=\"text-decoration: underline;\"> 03.03.2016 r. o\u00a0godz. 16<\/span><sup><span style=\"text-decoration: underline;\">00<\/span><\/sup><br \/>\nw Sali Audytoryjnej II\u00a0w Instytucie Fizyki Uniwersytetu \u015al\u0105skiego Katowice, ul.\u00a0Uniwersytecka 4<\/b><\/span><\/span><\/span><\/p>\n<p lang=\"pl-PL\" align=\"CENTER\"><span style=\"color: #008000;\"><span style=\"font-family: Arial,sans-serif;\"><span style=\"font-size: large;\"><b>SERDECZNIE ZAPRASZAMY!<\/b><\/span><\/span><\/span><\/p>\n<p><iframe title=\"Wyk\u0142ad Bogdana Cichockiego: &quot;O Marianie Smoluchowskim...&quot;\" width=\"604\" height=\"340\" src=\"https:\/\/www.youtube.com\/embed\/I4_oQez5WAs?feature=oembed\" frameborder=\"0\" allow=\"accelerometer; autoplay; clipboard-write; encrypted-media; gyroscope; picture-in-picture; web-share\" referrerpolicy=\"strict-origin-when-cross-origin\" allowfullscreen><\/iframe><\/p>\n","protected":false},"excerpt":{"rendered":"<p>Polskie Towarzystwo Fizyczne Oddzia\u0142 Katowicki zaprasza na konwersatorium na kt\u00f3rym: \u00a0prof. dr hab. Bogdan Cichocki Uniwersytet Warszawski Wyg\u0142osi wyk\u0142ad: \u00a0O Marianie Smoluchowskim na nieca\u0142e dwa lata przed setn\u0105 rocznic\u0105 \u015bmierci We wrze\u015bniu 2017 r. minie sto lat od przedwczesnej \u015bmierci genialnego fizyka polskiego Mariana Smoluchowskiego. Wyk\u0142ad po\u015bwi\u0119cony b\u0119dzie przedstawieniu jego pasjonuj\u0105cej drogi \u017cyciowej i om\u00f3wieniu &hellip; <a href=\"https:\/\/www.ptf.us.edu.pl\/wordpress\/?p=497\" class=\"more-link\">Czytaj dalej <span class=\"screen-reader-text\">3 marca 2016, prof. Bogdan Cichocki &#8222;O Marianie Smoluchowskim na nieca\u0142e dwa lata przed setn\u0105 rocznic\u0105 \u015bmierci&#8221;<\/span> <span class=\"meta-nav\">&rarr;<\/span><\/a><\/p>\n","protected":false},"author":2,"featured_media":0,"comment_status":"closed","ping_status":"closed","sticky":false,"template":"","format":"standard","meta":{"footnotes":""},"categories":[5],"tags":[],"class_list":["post-497","post","type-post","status-publish","format-standard","hentry","category-sem"],"_links":{"self":[{"href":"https:\/\/www.ptf.us.edu.pl\/wordpress\/index.php?rest_route=\/wp\/v2\/posts\/497","targetHints":{"allow":["GET"]}}],"collection":[{"href":"https:\/\/www.ptf.us.edu.pl\/wordpress\/index.php?rest_route=\/wp\/v2\/posts"}],"about":[{"href":"https:\/\/www.ptf.us.edu.pl\/wordpress\/index.php?rest_route=\/wp\/v2\/types\/post"}],"author":[{"embeddable":true,"href":"https:\/\/www.ptf.us.edu.pl\/wordpress\/index.php?rest_route=\/wp\/v2\/users\/2"}],"replies":[{"embeddable":true,"href":"https:\/\/www.ptf.us.edu.pl\/wordpress\/index.php?rest_route=%2Fwp%2Fv2%2Fcomments&post=497"}],"version-history":[{"count":4,"href":"https:\/\/www.ptf.us.edu.pl\/wordpress\/index.php?rest_route=\/wp\/v2\/posts\/497\/revisions"}],"predecessor-version":[{"id":583,"href":"https:\/\/www.ptf.us.edu.pl\/wordpress\/index.php?rest_route=\/wp\/v2\/posts\/497\/revisions\/583"}],"wp:attachment":[{"href":"https:\/\/www.ptf.us.edu.pl\/wordpress\/index.php?rest_route=%2Fwp%2Fv2%2Fmedia&parent=497"}],"wp:term":[{"taxonomy":"category","embeddable":true,"href":"https:\/\/www.ptf.us.edu.pl\/wordpress\/index.php?rest_route=%2Fwp%2Fv2%2Fcategories&post=497"},{"taxonomy":"post_tag","embeddable":true,"href":"https:\/\/www.ptf.us.edu.pl\/wordpress\/index.php?rest_route=%2Fwp%2Fv2%2Ftags&post=497"}],"curies":[{"name":"wp","href":"https:\/\/api.w.org\/{rel}","templated":true}]}}