{"id":520,"date":"2016-02-09T00:11:34","date_gmt":"2016-02-09T00:11:34","guid":{"rendered":"http:\/\/www.ptf.us.edu.pl\/?p=520"},"modified":"2016-02-09T00:11:34","modified_gmt":"2016-02-09T00:11:34","slug":"520","status":"publish","type":"post","link":"https:\/\/www.ptf.us.edu.pl\/wordpress\/?p=520","title":{"rendered":""},"content":{"rendered":"<h4>&#8222;Collider Physics&#8221; 2 Sympozjum Sekcji Fizyki Oddzia\u0142ywa\u0144 Fundamentalnych Polskiego Towarzystwa Fizycznego<\/h4>\n<p>W dniach od 13 do 15 maja br. w Katowicach odb\u0119dzie si\u0119 2 Sympozjum Sekcji Fizyki Oddzia\u0142ywa\u0144 Fundamentalnych Polskiego Towarzystwa Fizycznego. Spotkanie jest wsp\u00f3lnie organizowane przez\u00a0 Polskie Towarzystwo Fizyczne, Instytut Fizyki Uniwersytetu \u015al\u0105skiego oraz Wydzia\u0142 Fizyki Uniwersytetu Warszawskiego.<\/p>\n<p>Serdecznie zapraszamy do wzi\u0119cia udzia\u0142u m\u0142odych naukowc\u00f3w (student\u00f3w ostatnich<br \/>\nlat studi\u00f3w magisterskich i doktorant\u00f3w) dla kt\u00f3rych przewidziana jest &#8222;Sesja M\u0142odych Naukowc\u00f3w&#8221; oraz sesja posterowa.<\/p>\n<p>W ramach sympozjum przewidziane s\u0105 tak\u017ce wyk\u0142ady wybitnych\u00a0 polskich specjalist\u00f3w<br \/>\nw dziedzinie cz\u0105stek elementarnych.<\/p>\n<p>Wi\u0119cej informacji odno\u015bnie tematyki sympozjum, planu konferencji i rejestracji<br \/>\nmo\u017cna znale\u017a\u0107 na stronie internetowej: <a href=\"http:\/\/indico.if.us.edu.pl\/conferenceDisplay.py?ovw=True&amp;confId=3\">link<\/a><\/p>\n","protected":false},"excerpt":{"rendered":"<p>&#8222;Collider Physics&#8221; 2 Sympozjum Sekcji Fizyki Oddzia\u0142ywa\u0144 Fundamentalnych Polskiego Towarzystwa Fizycznego W dniach od 13 do 15 maja br. w Katowicach odb\u0119dzie si\u0119 2 Sympozjum Sekcji Fizyki Oddzia\u0142ywa\u0144 Fundamentalnych Polskiego Towarzystwa Fizycznego. Spotkanie jest wsp\u00f3lnie organizowane przez\u00a0 Polskie Towarzystwo Fizyczne, Instytut Fizyki Uniwersytetu \u015al\u0105skiego oraz Wydzia\u0142 Fizyki Uniwersytetu Warszawskiego. Serdecznie zapraszamy do wzi\u0119cia udzia\u0142u m\u0142odych &hellip; <a href=\"https:\/\/www.ptf.us.edu.pl\/wordpress\/?p=520\" class=\"more-link\">Czytaj dalej <span class=\"screen-reader-text\"><\/span> <span class=\"meta-nav\">&rarr;<\/span><\/a><\/p>\n","protected":false},"author":1,"featured_media":0,"comment_status":"closed","ping_status":"closed","sticky":false,"template":"","format":"standard","meta":{"footnotes":""},"categories":[4],"tags":[],"class_list":["post-520","post","type-post","status-publish","format-standard","hentry","category-akt"],"_links":{"self":[{"href":"https:\/\/www.ptf.us.edu.pl\/wordpress\/index.php?rest_route=\/wp\/v2\/posts\/520","targetHints":{"allow":["GET"]}}],"collection":[{"href":"https:\/\/www.ptf.us.edu.pl\/wordpress\/index.php?rest_route=\/wp\/v2\/posts"}],"about":[{"href":"https:\/\/www.ptf.us.edu.pl\/wordpress\/index.php?rest_route=\/wp\/v2\/types\/post"}],"author":[{"embeddable":true,"href":"https:\/\/www.ptf.us.edu.pl\/wordpress\/index.php?rest_route=\/wp\/v2\/users\/1"}],"replies":[{"embeddable":true,"href":"https:\/\/www.ptf.us.edu.pl\/wordpress\/index.php?rest_route=%2Fwp%2Fv2%2Fcomments&post=520"}],"version-history":[{"count":11,"href":"https:\/\/www.ptf.us.edu.pl\/wordpress\/index.php?rest_route=\/wp\/v2\/posts\/520\/revisions"}],"predecessor-version":[{"id":588,"href":"https:\/\/www.ptf.us.edu.pl\/wordpress\/index.php?rest_route=\/wp\/v2\/posts\/520\/revisions\/588"}],"wp:attachment":[{"href":"https:\/\/www.ptf.us.edu.pl\/wordpress\/index.php?rest_route=%2Fwp%2Fv2%2Fmedia&parent=520"}],"wp:term":[{"taxonomy":"category","embeddable":true,"href":"https:\/\/www.ptf.us.edu.pl\/wordpress\/index.php?rest_route=%2Fwp%2Fv2%2Fcategories&post=520"},{"taxonomy":"post_tag","embeddable":true,"href":"https:\/\/www.ptf.us.edu.pl\/wordpress\/index.php?rest_route=%2Fwp%2Fv2%2Ftags&post=520"}],"curies":[{"name":"wp","href":"https:\/\/api.w.org\/{rel}","templated":true}]}}