{"id":611,"date":"2016-10-26T23:06:10","date_gmt":"2016-10-26T23:06:10","guid":{"rendered":"http:\/\/www.ptf.us.edu.pl\/?p=611"},"modified":"2022-01-19T12:12:01","modified_gmt":"2022-01-19T12:12:01","slug":"24-11-2016-prof-dr-hab-katarzyna-chalasinska-macukow-czy-wystarczy-zobaczyc-aby-rozpoznac","status":"publish","type":"post","link":"https:\/\/www.ptf.us.edu.pl\/wordpress\/?p=611","title":{"rendered":"24.11.2016, prof.dr hab. Katarzyna Cha\u0142asi\u0144ska-Macukow, &#8221; Czy wystarczy zobaczy\u0107 aby rozpozna\u0107 ?&#8221;"},"content":{"rendered":"<p class=\"western\" lang=\"pl-PL\" align=\"CENTER\"><span style=\"color: #003300;\"><span style=\"font-family: Arial,sans-serif;\"><span style=\"font-size: x-large;\"><b>Polskie Towarzystwo Fizyczne Oddzia\u0142 Katowicki<\/b><\/span><\/span><\/span><\/p>\n<p class=\"western\" lang=\"pl-PL\" align=\"CENTER\"><span style=\"font-family: Arial,sans-serif;\"><span style=\"font-size: large;\">zaprasza na konwersatorium na kt\u00f3rym:<\/span><\/span><\/p>\n<h6 class=\"western\" lang=\"pl-PL\" align=\"CENTER\">\u00a0\u00a0 prof. dr hab.\u00a0Katarzyna Cha\u0142asi\u0144ska-Macukow<\/h6>\n<p style=\"text-align: center;\">Instytut Fizyki, Uniwersytet Warszawski<\/p>\n<p class=\"western\" lang=\"pl-PL\" align=\"CENTER\"><span style=\"font-family: Arial,sans-serif;\"><span style=\"font-size: large;\">Wyg\u0142osi wyk\u0142ad:<\/span><\/span><\/p>\n<h2 style=\"text-align: center;\"><span style=\"font-size: large;\"><span style=\"line-height: 27px;\"><b>\u00a0<\/b><\/span><\/span><b> Czy wystarczy zobaczy\u0107 aby rozpozna\u0107?<br \/>\n<\/b><\/h2>\n<p style=\"text-indent: 3 cm; text-align: justify;\"><span style=\"font-size: medium;\">Problem percepcji bod\u017ac\u00f3w z otoczenia i wyci\u0105ganie z nich wniosk\u00f3w, to zagadnienie badane przez uczonych z r\u00f3\u017cnych dyscyplin nauki, techniki czy medycyny. Wsp\u00f3\u0142cze\u015bnie najszerzej i bardzo kompleksowo do tego problemu podchodzi kogniwistyka \u2013 nauka multidyscyplinarna i zarazem interdyscyplinarna znajduj\u0105ca si\u0119 na pograniczu wielu dziedzin: psychologii poznawczej, neurobiologii, filozofii umys\u0142u, sztucznej inteligencji, czy wr\u0119cz logiki i fizyki. <\/span><\/p>\n<p style=\"text-align: justify;\"><span style=\"font-size: medium;\">Udzia\u0142 poszczeg\u00f3lnych zmys\u0142\u00f3w w percepcji bod\u017ac\u00f3w z otoczenia jest bardzo r\u00f3\u017cny. Nie ulega dyskusji, \u017ce informacja optyczna, czyli zmys\u0142 wzroku, dominuje nad pozosta\u0142ymi. Ponad 80% bod\u017ac\u00f3w dociera do nas kana\u0142em optycznym. I to jest pow\u00f3d, dla kt\u00f3rego fizycy optycy, do kt\u00f3rych nale\u017c\u0119, czy optoelektronicy, od lat badaj\u0105 mo\u017cliwo\u015bci \u015bwiat\u0142a jako no\u015bnika informacji o otaczaj\u0105cym nas \u015bwiecie. Informacja optyczna pozwala na rozr\u00f3\u017cnianie kszta\u0142t\u00f3w, barw, rozmiar\u00f3w, jasno\u015bci. Pozwala na ocen\u0119 odleg\u0142o\u015bci, \u015bledzenie ruchomych obiekt\u00f3w, rozpoznawanie i klasyfikacj\u0119.<\/span><\/p>\n<p style=\"text-align: justify;\"><span style=\"font-size: medium;\">Cz\u0142owiek wykonuje ten proces na codzie\u0144, wr\u0119cz automatycznie i bez wi\u0119kszego zastanowienia. Ale czy wystarczy zobaczy\u0107, aby rozpozna\u0107. W proces poznawczy zamieszane s\u0105 tak\u017ce pami\u0119\u0107, my\u015blenie, umiej\u0119tno\u015b\u0107 koncentracji na kluczowych szczeg\u00f3\u0142ach, czy ostateczne podejmowanie decyzji. <\/span><\/p>\n<p style=\"text-align: justify;\"><span style=\"font-size: medium;\">A jak skonstruowa\u0107 system automatycznego widzenia. Na co trzeba po\u0142o\u017cy\u0107 nacisk. Jak to wszystko po\u0142\u0105czy\u0107. Problemy te widziane oczami fizyka optyka s\u0105 tematem mojego wyst\u0105pienia.<\/span><\/p>\n<p lang=\"pl-PL\" align=\"CENTER\"><span style=\"color: #800080;\"><span style=\"font-family: Arial,sans-serif;\"><span style=\"font-size: large;\"><b>Konwersatorium odb\u0119dzie si\u0119 dnia<span style=\"text-decoration: underline;\"> 24.11.2016 r. o\u00a0godz. 16<\/span><sup><span style=\"text-decoration: underline;\">00<\/span><\/sup><br \/>\nw Sali Audytoryjnej II\u00a0w Instytucie Fizyki Uniwersytetu \u015al\u0105skiego Katowice, ul.\u00a0Uniwersytecka 4<\/b><\/span><\/span><\/span><\/p>\n<p lang=\"pl-PL\" align=\"CENTER\"><span style=\"color: #008000;\"><span style=\"font-family: Arial,sans-serif;\"><span style=\"font-size: large;\"><b>SERDECZNIE ZAPRASZAMY!<\/b><\/span><\/span><\/span><\/p>\n","protected":false},"excerpt":{"rendered":"<p>Polskie Towarzystwo Fizyczne Oddzia\u0142 Katowicki zaprasza na konwersatorium na kt\u00f3rym: \u00a0\u00a0 prof. dr hab.\u00a0Katarzyna Cha\u0142asi\u0144ska-Macukow Instytut Fizyki, Uniwersytet Warszawski Wyg\u0142osi wyk\u0142ad: \u00a0 Czy wystarczy zobaczy\u0107 aby rozpozna\u0107? Problem percepcji bod\u017ac\u00f3w z otoczenia i wyci\u0105ganie z nich wniosk\u00f3w, to zagadnienie badane przez uczonych z r\u00f3\u017cnych dyscyplin nauki, techniki czy medycyny. Wsp\u00f3\u0142cze\u015bnie najszerzej i bardzo kompleksowo do &hellip; <a href=\"https:\/\/www.ptf.us.edu.pl\/wordpress\/?p=611\" class=\"more-link\">Czytaj dalej <span class=\"screen-reader-text\">24.11.2016, prof.dr hab. Katarzyna Cha\u0142asi\u0144ska-Macukow, &#8221; Czy wystarczy zobaczy\u0107 aby rozpozna\u0107 ?&#8221;<\/span> <span class=\"meta-nav\">&rarr;<\/span><\/a><\/p>\n","protected":false},"author":1,"featured_media":0,"comment_status":"closed","ping_status":"closed","sticky":false,"template":"","format":"standard","meta":{"footnotes":""},"categories":[5],"tags":[],"class_list":["post-611","post","type-post","status-publish","format-standard","hentry","category-sem"],"_links":{"self":[{"href":"https:\/\/www.ptf.us.edu.pl\/wordpress\/index.php?rest_route=\/wp\/v2\/posts\/611","targetHints":{"allow":["GET"]}}],"collection":[{"href":"https:\/\/www.ptf.us.edu.pl\/wordpress\/index.php?rest_route=\/wp\/v2\/posts"}],"about":[{"href":"https:\/\/www.ptf.us.edu.pl\/wordpress\/index.php?rest_route=\/wp\/v2\/types\/post"}],"author":[{"embeddable":true,"href":"https:\/\/www.ptf.us.edu.pl\/wordpress\/index.php?rest_route=\/wp\/v2\/users\/1"}],"replies":[{"embeddable":true,"href":"https:\/\/www.ptf.us.edu.pl\/wordpress\/index.php?rest_route=%2Fwp%2Fv2%2Fcomments&post=611"}],"version-history":[{"count":15,"href":"https:\/\/www.ptf.us.edu.pl\/wordpress\/index.php?rest_route=\/wp\/v2\/posts\/611\/revisions"}],"predecessor-version":[{"id":626,"href":"https:\/\/www.ptf.us.edu.pl\/wordpress\/index.php?rest_route=\/wp\/v2\/posts\/611\/revisions\/626"}],"wp:attachment":[{"href":"https:\/\/www.ptf.us.edu.pl\/wordpress\/index.php?rest_route=%2Fwp%2Fv2%2Fmedia&parent=611"}],"wp:term":[{"taxonomy":"category","embeddable":true,"href":"https:\/\/www.ptf.us.edu.pl\/wordpress\/index.php?rest_route=%2Fwp%2Fv2%2Fcategories&post=611"},{"taxonomy":"post_tag","embeddable":true,"href":"https:\/\/www.ptf.us.edu.pl\/wordpress\/index.php?rest_route=%2Fwp%2Fv2%2Ftags&post=611"}],"curies":[{"name":"wp","href":"https:\/\/api.w.org\/{rel}","templated":true}]}}