{"id":628,"date":"2016-10-27T19:44:43","date_gmt":"2016-10-27T19:44:43","guid":{"rendered":"http:\/\/www.ptf.us.edu.pl\/?p=628"},"modified":"2022-01-19T12:11:32","modified_gmt":"2022-01-19T12:11:32","slug":"08-12-2016-mgr-boguslaw-lanuszny-zjawisko-fotoelektryczne-zewnetrzne-a-promieniowanie-ciala-doskonale-czarnego","status":"publish","type":"post","link":"https:\/\/www.ptf.us.edu.pl\/wordpress\/?p=628","title":{"rendered":"08.12.2016, mgr Bogus\u0142aw Lanuszny, &#8222;Zjawisko fotoelektryczne zewn\u0119trzne a promieniowanie cia\u0142a doskonale czarnego&#8221;"},"content":{"rendered":"<p class=\"western\" lang=\"pl-PL\" align=\"CENTER\"><span style=\"color: #003300;\"><span style=\"font-family: Arial,sans-serif;\"><span style=\"font-size: x-large;\"><b>Polskie Towarzystwo Fizyczne Oddzia\u0142 Katowicki<\/b><\/span><\/span><\/span><\/p>\n<p class=\"western\" lang=\"pl-PL\" align=\"CENTER\"><span style=\"font-family: Arial,sans-serif;\"><span style=\"font-size: large;\">zaprasza na konwersatorium na kt\u00f3rym:<\/span><\/span><\/p>\n<h6 class=\"western\" lang=\"pl-PL\" align=\"CENTER\">\u00a0\u00a0 mgr Bogus\u0142aw Lanuszny<\/h6>\n<p style=\"text-align: center;\">nauczyciel fizyki w VIII Liceum Og\u00f3lnokszta\u0142c\u0105cym im. Marii Sk\u0142odowskiej-Curie w Katowicach,<\/p>\n<p style=\"text-align: center;\"><em>Laureat w 2016 roku <\/em><em>Nagrody PTF dla wyr\u00f3\u017cniaj\u0105cych si\u0119 nauczycieli<\/em> zapopularyzacj\u0119 fizyki oraz stosowanie nowatorskich metod nauczania<\/p>\n<p class=\"western\" lang=\"pl-PL\" align=\"CENTER\"><span style=\"font-family: Arial,sans-serif;\"><span style=\"font-size: large;\">Wyg\u0142osi wyk\u0142ad:<\/span><\/span><\/p>\n<h2 style=\"text-align: center;\"><b>Zjawisko fotoelektryczne zewn\u0119trzne a promieniowanie cia\u0142a doskonale czarnego<br \/>\n<\/b><\/h2>\n<p style=\"text-indent: 3 cm; text-align: justify;\"><span style=\"font-size: medium;\">W wyk\u0142adzie zostan\u0105 om\u00f3wione zagadnienia dotycz\u0105ce promieniowania cia\u0142a doskonale czarnego oraz zjawiska fotoelektrycznego zewn\u0119trznego, kt\u00f3re b\u0119d\u0105 sprawdzone<br \/>\ndo\u015bwiadczalnie przy pomocy\u00a0<\/span>zestawu wykonanego w pracowni fizycznej VIII LO.<\/p>\n<p>W drugiej cz\u0119\u015bci wyk\u0142adu zostan\u0105 scharakteryzowane projekty dydaktyczne<br \/>\nz fizyki i astronomii realizowane w VIII LO w Katowicach.<\/p>\n<p lang=\"pl-PL\" align=\"CENTER\"><span style=\"color: #800080;\"><span style=\"font-family: Arial,sans-serif;\"><span style=\"font-size: large;\"><b>Konwersatorium odb\u0119dzie si\u0119 dnia<span style=\"text-decoration: underline;\">\u00a008.12.2016 r. o\u00a0godz. 16<\/span><sup><span style=\"text-decoration: underline;\">00<\/span><\/sup><br \/>\nw Sali Audytoryjnej II\u00a0w Instytucie Fizyki Uniwersytetu \u015al\u0105skiego Katowice, ul.\u00a0Uniwersytecka 4<\/b><\/span><\/span><\/span><\/p>\n<p lang=\"pl-PL\" align=\"CENTER\"><span style=\"color: #008000;\"><span style=\"font-family: Arial,sans-serif;\"><span style=\"font-size: large;\"><b>SERDECZNIE ZAPRASZAMY!<\/b><\/span><\/span><\/span><\/p>\n<p lang=\"pl-PL\" align=\"CENTER\">\n","protected":false},"excerpt":{"rendered":"<p>Polskie Towarzystwo Fizyczne Oddzia\u0142 Katowicki zaprasza na konwersatorium na kt\u00f3rym: \u00a0\u00a0 mgr Bogus\u0142aw Lanuszny nauczyciel fizyki w VIII Liceum Og\u00f3lnokszta\u0142c\u0105cym im. Marii Sk\u0142odowskiej-Curie w Katowicach, Laureat w 2016 roku Nagrody PTF dla wyr\u00f3\u017cniaj\u0105cych si\u0119 nauczycieli zapopularyzacj\u0119 fizyki oraz stosowanie nowatorskich metod nauczania Wyg\u0142osi wyk\u0142ad: Zjawisko fotoelektryczne zewn\u0119trzne a promieniowanie cia\u0142a doskonale czarnego W wyk\u0142adzie zostan\u0105 &hellip; <a href=\"https:\/\/www.ptf.us.edu.pl\/wordpress\/?p=628\" class=\"more-link\">Czytaj dalej <span class=\"screen-reader-text\">08.12.2016, mgr Bogus\u0142aw Lanuszny, &#8222;Zjawisko fotoelektryczne zewn\u0119trzne a promieniowanie cia\u0142a doskonale czarnego&#8221;<\/span> <span class=\"meta-nav\">&rarr;<\/span><\/a><\/p>\n","protected":false},"author":1,"featured_media":0,"comment_status":"closed","ping_status":"closed","sticky":false,"template":"","format":"standard","meta":{"footnotes":""},"categories":[5],"tags":[],"class_list":["post-628","post","type-post","status-publish","format-standard","hentry","category-sem"],"_links":{"self":[{"href":"https:\/\/www.ptf.us.edu.pl\/wordpress\/index.php?rest_route=\/wp\/v2\/posts\/628","targetHints":{"allow":["GET"]}}],"collection":[{"href":"https:\/\/www.ptf.us.edu.pl\/wordpress\/index.php?rest_route=\/wp\/v2\/posts"}],"about":[{"href":"https:\/\/www.ptf.us.edu.pl\/wordpress\/index.php?rest_route=\/wp\/v2\/types\/post"}],"author":[{"embeddable":true,"href":"https:\/\/www.ptf.us.edu.pl\/wordpress\/index.php?rest_route=\/wp\/v2\/users\/1"}],"replies":[{"embeddable":true,"href":"https:\/\/www.ptf.us.edu.pl\/wordpress\/index.php?rest_route=%2Fwp%2Fv2%2Fcomments&post=628"}],"version-history":[{"count":10,"href":"https:\/\/www.ptf.us.edu.pl\/wordpress\/index.php?rest_route=\/wp\/v2\/posts\/628\/revisions"}],"predecessor-version":[{"id":646,"href":"https:\/\/www.ptf.us.edu.pl\/wordpress\/index.php?rest_route=\/wp\/v2\/posts\/628\/revisions\/646"}],"wp:attachment":[{"href":"https:\/\/www.ptf.us.edu.pl\/wordpress\/index.php?rest_route=%2Fwp%2Fv2%2Fmedia&parent=628"}],"wp:term":[{"taxonomy":"category","embeddable":true,"href":"https:\/\/www.ptf.us.edu.pl\/wordpress\/index.php?rest_route=%2Fwp%2Fv2%2Fcategories&post=628"},{"taxonomy":"post_tag","embeddable":true,"href":"https:\/\/www.ptf.us.edu.pl\/wordpress\/index.php?rest_route=%2Fwp%2Fv2%2Ftags&post=628"}],"curies":[{"name":"wp","href":"https:\/\/api.w.org\/{rel}","templated":true}]}}