{"id":702,"date":"2017-05-07T08:36:29","date_gmt":"2017-05-07T08:36:29","guid":{"rendered":"http:\/\/www.ptf.us.edu.pl\/?p=702"},"modified":"2022-01-19T12:18:57","modified_gmt":"2022-01-19T12:18:57","slug":"1-06-2017-prof-marcin-mierzejewski","status":"publish","type":"post","link":"https:\/\/www.ptf.us.edu.pl\/wordpress\/?p=702","title":{"rendered":"1.06.2017, prof. Marcin Mierzejewski, \u201eUltraszybka dynamika cia\u0142 sta\u0142ych\u201d"},"content":{"rendered":"<p class=\"western\" lang=\"pl-PL\" align=\"CENTER\"><span style=\"color: #003300;\"><span style=\"font-family: Arial,sans-serif;\"><span style=\"font-size: x-large;\"><b>Polskie Towarzystwo Fizyczne Oddzia\u0142 Katowicki<\/b><\/span><\/span><\/span><\/p>\n<p class=\"western\" lang=\"pl-PL\" align=\"CENTER\"><span style=\"font-family: Arial,sans-serif;\"><span style=\"font-size: large;\">zaprasza na konwersatorium na kt\u00f3rym:<\/span><\/span><\/p>\n<h6 class=\"western\" lang=\"pl-PL\" align=\"CENTER\">\u00a0\u00a0 prof. dr hab. Marcin Mierzejewski<\/h6>\n<p style=\"text-align: center;\">Instytut Fizyki, Uniwersytet \u015al\u0105ski<\/p>\n<p class=\"western\" lang=\"pl-PL\" align=\"CENTER\"><span style=\"font-family: Arial,sans-serif;\"><span style=\"font-size: large;\">Wyg\u0142osi wyk\u0142ad:<\/span><\/span><\/p>\n<h2 class=\"photo-show-desc\"><b>Ultraszybka dynamika cia\u0142 sta\u0142ych<\/b><\/h2>\n<h2 style=\"text-align: center;\"><b><br \/>\n<\/b><\/h2>\n<p style=\"text-align: justify;\">Nowe techniki eksperymentalne, kt\u00f3re rozwin\u0119\u0142y si\u0119\u0328 w ci\u0105gu ostatniej dekady, umo\u017cliwiaj\u0105\u0328 bezpo\u015bredni\u0105\u0328 obserwacje\u0328 ultraszybkich zjawisk zachodz\u0105cych w cia\u0142ach sta\u0142ych w skali czasowej rz\u0119du kilku femtosekund. Pocz\u0105tkowo by\u0142y one wykorzystywane w\u00a0 poszukiwaniach nowych materia\u0142\u00f3w, kt\u00f3re posiadaj\u0105 mo\u017cliwie kr\u00f3tkie czasy relaksacji, i z tego powodu mog\u0142yby znale\u017a\u0107 zastosowanie w przysz\u0142ych urz\u0105dzeniach elektronicznych. W trakcie prowadzonych bada\u0144 okaza\u0142o si\u0119 jednak, \u017ce eksperymenty te mog\u0105 udzieli\u0107 odpowiedzi tak\u017ce na inne, bardzo istotne pytania, kt\u00f3re od lat nurtuj\u0105 badaczy zajmuj\u0105cych si\u0119 fizyk\u0105 cia\u0142a sta\u0142ego. W trakcie wyk\u0142adu zostan\u0105 om\u00f3wione wybrane metody eksperymentalne umo\u017cliwiaj\u0105ce obserwacje ultraszybkich zjawisk w cia\u0142ach sta\u0142ych, fizyczne podstawy decyduj\u0105ce o unikalnym charakterze uzyskiwanych danych, a tak\u017ce oczekiwania zwi\u0105zane z dalszym stosowaniem i rozwojem tych metod.<\/p>\n<p style=\"text-align: justify;\">&#8212;&#8212;&#8212;&#8212;&#8212;&#8212;&#8212;&#8212;&#8212;&#8212;&#8212;&#8212;&#8212;&#8212;&#8212;&#8212;&#8212;&#8212;&#8212;&#8212;&#8212;&#8212;&#8212;&#8212;&#8212;&#8212;&#8212;&#8212;&#8212;&#8212;&#8212;&#8212;&#8212;&#8212;&#8212;&#8212;&#8212;&#8212;&#8212;&#8212;<\/p>\n<p style=\"text-align: justify;\">Na pocz\u0105tku seminarium wyst\u0105pi\u0105 uczniowie z Gimnazjum nr 2 im. Sprawiedliwych w\u015br\u00f3d Narod\u00f3w \u015awiata w Czerwionce -Leszczynach, (Beniamin Cichacki, Grzegorz Mazurkiewicz, Daniel Sleziona, \u0141ukasz Szyma\u0142a, Klaudia Kubies, Marek Kraska i Stanis\u0142aw Snopek) kt\u00f3rzy pod kierunkiem mgr\u00a0 Bo\u017ceny Bierowiec-Chrustek zaprezentuj\u0105 \u201dPraktyczne wykorzystanie zjawiska odbicia \u015bwiat\u0142a i baterii s\u0142onecznych\u201d.<\/p>\n<p style=\"text-align: justify;\">&#8212;&#8212;&#8212;&#8212;&#8212;&#8212;&#8212;&#8212;&#8212;&#8212;&#8212;&#8212;&#8212;&#8212;&#8212;&#8212;&#8212;&#8212;&#8212;&#8212;&#8212;&#8212;&#8212;&#8212;&#8212;&#8212;&#8212;&#8212;&#8212;&#8212;&#8212;&#8212;&#8212;&#8212;&#8212;&#8212;&#8212;&#8212;&#8212;&#8212;<\/p>\n<p lang=\"pl-PL\" align=\"CENTER\"><span style=\"color: #800080;\"><span style=\"font-family: Arial,sans-serif;\"><span style=\"font-size: large;\"><b>Konwersatorium odb\u0119dzie si\u0119 dnia\u00a0<span style=\"text-decoration: underline;\"> 1.06.2017 r. o\u00a0godz. 16<\/span><sup><span style=\"text-decoration: underline;\">00<\/span><\/sup>\u00a0 w Sali Audytoryjnej II\u00a0w Instytucie Fizyki Uniwersytetu \u015al\u0105skiego Katowice, ul.\u00a0Uniwersytecka 4<\/b><\/span><\/span><\/span><\/p>\n<p lang=\"pl-PL\" align=\"CENTER\"><span style=\"color: #008000;\"><span style=\"font-family: Arial,sans-serif;\"><span style=\"font-size: large;\"><b>SERDECZNIE ZAPRASZAMY!\u00a0<\/b><\/span><\/span><\/span><\/p>\n","protected":false},"excerpt":{"rendered":"<p>Polskie Towarzystwo Fizyczne Oddzia\u0142 Katowicki zaprasza na konwersatorium na kt\u00f3rym: \u00a0\u00a0 prof. dr hab. Marcin Mierzejewski Instytut Fizyki, Uniwersytet \u015al\u0105ski Wyg\u0142osi wyk\u0142ad: Ultraszybka dynamika cia\u0142 sta\u0142ych Nowe techniki eksperymentalne, kt\u00f3re rozwin\u0119\u0142y si\u0119\u0328 w ci\u0105gu ostatniej dekady, umo\u017cliwiaj\u0105\u0328 bezpo\u015bredni\u0105\u0328 obserwacje\u0328 ultraszybkich zjawisk zachodz\u0105cych w cia\u0142ach sta\u0142ych w skali czasowej rz\u0119du kilku femtosekund. Pocz\u0105tkowo by\u0142y one wykorzystywane &hellip; <a href=\"https:\/\/www.ptf.us.edu.pl\/wordpress\/?p=702\" class=\"more-link\">Czytaj dalej <span class=\"screen-reader-text\">1.06.2017, prof. Marcin Mierzejewski, \u201eUltraszybka dynamika cia\u0142 sta\u0142ych\u201d<\/span> <span class=\"meta-nav\">&rarr;<\/span><\/a><\/p>\n","protected":false},"author":2,"featured_media":0,"comment_status":"closed","ping_status":"closed","sticky":false,"template":"","format":"standard","meta":{"footnotes":""},"categories":[5],"tags":[],"class_list":["post-702","post","type-post","status-publish","format-standard","hentry","category-sem"],"_links":{"self":[{"href":"https:\/\/www.ptf.us.edu.pl\/wordpress\/index.php?rest_route=\/wp\/v2\/posts\/702","targetHints":{"allow":["GET"]}}],"collection":[{"href":"https:\/\/www.ptf.us.edu.pl\/wordpress\/index.php?rest_route=\/wp\/v2\/posts"}],"about":[{"href":"https:\/\/www.ptf.us.edu.pl\/wordpress\/index.php?rest_route=\/wp\/v2\/types\/post"}],"author":[{"embeddable":true,"href":"https:\/\/www.ptf.us.edu.pl\/wordpress\/index.php?rest_route=\/wp\/v2\/users\/2"}],"replies":[{"embeddable":true,"href":"https:\/\/www.ptf.us.edu.pl\/wordpress\/index.php?rest_route=%2Fwp%2Fv2%2Fcomments&post=702"}],"version-history":[{"count":5,"href":"https:\/\/www.ptf.us.edu.pl\/wordpress\/index.php?rest_route=\/wp\/v2\/posts\/702\/revisions"}],"predecessor-version":[{"id":719,"href":"https:\/\/www.ptf.us.edu.pl\/wordpress\/index.php?rest_route=\/wp\/v2\/posts\/702\/revisions\/719"}],"wp:attachment":[{"href":"https:\/\/www.ptf.us.edu.pl\/wordpress\/index.php?rest_route=%2Fwp%2Fv2%2Fmedia&parent=702"}],"wp:term":[{"taxonomy":"category","embeddable":true,"href":"https:\/\/www.ptf.us.edu.pl\/wordpress\/index.php?rest_route=%2Fwp%2Fv2%2Fcategories&post=702"},{"taxonomy":"post_tag","embeddable":true,"href":"https:\/\/www.ptf.us.edu.pl\/wordpress\/index.php?rest_route=%2Fwp%2Fv2%2Ftags&post=702"}],"curies":[{"name":"wp","href":"https:\/\/api.w.org\/{rel}","templated":true}]}}