{"id":878,"date":"2019-01-30T12:28:42","date_gmt":"2019-01-30T12:28:42","guid":{"rendered":"http:\/\/www.ptf.us.edu.pl\/?p=878"},"modified":"2022-01-19T12:27:49","modified_gmt":"2022-01-19T12:27:49","slug":"21-02-2019-dr-hab-arkadiusz-bubak-sila-atomu-czyli-energetyka-jadrowa-w-pigulce","status":"publish","type":"post","link":"https:\/\/www.ptf.us.edu.pl\/wordpress\/?p=878","title":{"rendered":"21.02.2019, dr hab. Arkadiusz Bubak \u201eSi\u0142a atomu \u2013 czyli energetyka j\u0105drowa w pigu\u0142ce\u201d"},"content":{"rendered":"<p class=\"western\" lang=\"pl-PL\" align=\"CENTER\"><b>Polskie Towarzystwo Fizyczne Oddzia\u0142 Katowicki<\/b><\/p>\n<p class=\"western\" lang=\"pl-PL\" align=\"CENTER\">zaprasza na konwersatorium na kt\u00f3rym:<\/p>\n<h6 class=\"western\" lang=\"pl-PL\" align=\"CENTER\">\u00a0 dr hab. Arkadiusz Bubak<\/h6>\n<p style=\"text-align: center;\"><span class=\"desc tra\">Zak\u0142ad Fizyki J\u0105drowej i jej Zastosowa\u0144, Instytut Fizyki, Uniwersytet \u015al\u0105ski <\/span><\/p>\n<p class=\"western\" lang=\"pl-PL\" align=\"CENTER\">Wyg\u0142osi wyk\u0142ad:<\/p>\n<h2 style=\"text-align: center;\"><b>\u00a0Si\u0142a atomu \u2013 czyli energetyka j\u0105drowa w pigu\u0142ce<br \/>\n<\/b><\/h2>\n<p style=\"text-align: justify;\">Atom &#8211; najmniejsza sk\u0142adowa zwyk\u0142ej materii. Najmniejsza, a jak\u017ce pot\u0119\u017cna. Posi\u0142kuj\u0105c si\u0119 s\u0142owami Johanna Wolfganga von Goethego: \u201eDass ich erkenne, was die Welt\/Im Innersten zusammenh\u00e4lt\u201d [1] w wolnym t\u0142umaczeniu:<br \/>\n\u201eBym wreszcie pozna\u0142, czym jest ta pot\u0119ga, co wewn\u0119trzne si\u0142y \u015bwiata w jedno sprz\u0119ga\u201d.<br \/>\nI ludzie powoli poznaj\u0105 te si\u0142y, staraj\u0105 si\u0119 je opisywa\u0107 i wykorzystywa\u0107. Czas niedokonany zosta\u0142 u\u017cyty z pe\u0142na premedytacja gdy\u017c mimo ogromu poznania materia ci\u0105gle skrywa przed nami tajemnice. Niemal\u017ce ka\u017cdego dnia dowiadujemy si\u0119 o niej czego\u015b nowego. Na wyk\u0142adzie tym nie b\u0119dzie jednak o odkrywaniu nieznanego, ale o zastosowaniu ku dobru ludzko\u015bci (aczkolwiek nie zawsze) tego co ju\u017c znane, a mianowicie si\u0142y drzemi\u0105cej w j\u0105drze atomowym. Krok za krokiem s\u0142uchacz zostanie poprowadzony \u015bcie\u017ck\u0105 wiod\u0105c\u0105 od teorii do praktyki, od podstaw fizycznych do praktycznego zastosowania \u2018energii atomu\u2019. Zapozna si\u0119 z \u2018Najwa\u017cniejsz\u0105 Krzyw\u0105 \u015awiata\u2019 i tym co ona opisuje. Ubrudzi r\u0119ce w ziemi, zabawi si\u0119 chemika, fizyka, in\u017cyniera, konstruktora i ekonomist\u0119. Przekona si\u0119, \u017ce nawet Wielki A\u2019Tuin [2] majestatycznie p\u0142yn\u0105cy przez przestw\u00f3r oceanu wszech\u015bwiata mo\u017ce mie\u0107 co\u015b wsp\u00f3lnego z \u2018energi\u0105 atomu\u2019. Aby na samym ko\u0144cu przypomnie\u0107 sobie, \u017ce gdy wraca do domu (w Polsce: b\u0119dzie wraca\u0142 po 2030 roku) to codziennie styka si\u0119 z tajemn\u0105 si\u0142\u0105 tkwi\u0105c\u0105 w j\u0105drze atomu gdy\u017c \u201eSterczy w \u015bcianie taki pstryczek, ma\u0142y pstryczek-elektryczek, Jak tym pstryczkiem zrobi\u0107 pstryk, to si\u0119 widno robi w mig (&#8230;) Robisz pstryk i w\u0142\u0105czasz PR\u0104D! Elektryczny bystry PRRRR\u0104D! I sk\u0105d \u015bwiat\u0142o? W\u0142a\u015bnie st\u0105d!\u201d [3]. I pozna co atom i j\u0105dro atomowe ma z tym wsp\u00f3lnego.<\/p>\n<p style=\"text-align: justify;\">[1] Johann Wolfgang von Goethe, Faust.<br \/>\n[2] Terry Pratchett, \u015awiat Dysku (Wielki A,Tuin, gatunek Chelys galactica).<br \/>\n[3] Julian Tuwim, Pstryk.<\/p>\n<p style=\"text-align: justify;\"><a href=\"https:\/\/www.ptf.us.edu.pl\/wordpress\/wp-content\/uploads\/2019\/02\/2019.02.21_PTF.Bubak_.pdf\">PDF wyk\u0142adu.<\/a><\/p>\n<p lang=\"pl-PL\" align=\"CENTER\"><b><span style=\"color: #800080;\"><span style=\"font-family: Arial,sans-serif;\"><span style=\"font-size: large;\">Konwersatorium odb\u0119dzie si\u0119 dnia<span style=\"text-decoration: underline;\"> 21.02.2019 r. o\u00a0godz. 16<\/span><sup><span style=\"text-decoration: underline;\">00<\/span><\/sup><br \/>\nw Sali nr 227 Rady Wydzia\u0142u Mat-Fiz-Chem Uniwersytetu \u015al\u0105skiego, Katowice, ul. Bankowa 14<\/span><\/span><\/span><br \/>\n<\/b><\/p>\n<p lang=\"pl-PL\" align=\"CENTER\"><b>SERDECZNIE ZAPRASZAMY!<\/b><\/p>\n","protected":false},"excerpt":{"rendered":"<p>Polskie Towarzystwo Fizyczne Oddzia\u0142 Katowicki zaprasza na konwersatorium na kt\u00f3rym: \u00a0 dr hab. Arkadiusz Bubak Zak\u0142ad Fizyki J\u0105drowej i jej Zastosowa\u0144, Instytut Fizyki, Uniwersytet \u015al\u0105ski Wyg\u0142osi wyk\u0142ad: \u00a0Si\u0142a atomu \u2013 czyli energetyka j\u0105drowa w pigu\u0142ce Atom &#8211; najmniejsza sk\u0142adowa zwyk\u0142ej materii. Najmniejsza, a jak\u017ce pot\u0119\u017cna. Posi\u0142kuj\u0105c si\u0119 s\u0142owami Johanna Wolfganga von Goethego: \u201eDass ich erkenne, &hellip; <a href=\"https:\/\/www.ptf.us.edu.pl\/wordpress\/?p=878\" class=\"more-link\">Czytaj dalej <span class=\"screen-reader-text\">21.02.2019, dr hab. Arkadiusz Bubak \u201eSi\u0142a atomu \u2013 czyli energetyka j\u0105drowa w pigu\u0142ce\u201d<\/span> <span class=\"meta-nav\">&rarr;<\/span><\/a><\/p>\n","protected":false},"author":2,"featured_media":0,"comment_status":"closed","ping_status":"closed","sticky":false,"template":"","format":"standard","meta":{"footnotes":""},"categories":[5],"tags":[],"class_list":["post-878","post","type-post","status-publish","format-standard","hentry","category-sem"],"_links":{"self":[{"href":"https:\/\/www.ptf.us.edu.pl\/wordpress\/index.php?rest_route=\/wp\/v2\/posts\/878","targetHints":{"allow":["GET"]}}],"collection":[{"href":"https:\/\/www.ptf.us.edu.pl\/wordpress\/index.php?rest_route=\/wp\/v2\/posts"}],"about":[{"href":"https:\/\/www.ptf.us.edu.pl\/wordpress\/index.php?rest_route=\/wp\/v2\/types\/post"}],"author":[{"embeddable":true,"href":"https:\/\/www.ptf.us.edu.pl\/wordpress\/index.php?rest_route=\/wp\/v2\/users\/2"}],"replies":[{"embeddable":true,"href":"https:\/\/www.ptf.us.edu.pl\/wordpress\/index.php?rest_route=%2Fwp%2Fv2%2Fcomments&post=878"}],"version-history":[{"count":12,"href":"https:\/\/www.ptf.us.edu.pl\/wordpress\/index.php?rest_route=\/wp\/v2\/posts\/878\/revisions"}],"predecessor-version":[{"id":891,"href":"https:\/\/www.ptf.us.edu.pl\/wordpress\/index.php?rest_route=\/wp\/v2\/posts\/878\/revisions\/891"}],"wp:attachment":[{"href":"https:\/\/www.ptf.us.edu.pl\/wordpress\/index.php?rest_route=%2Fwp%2Fv2%2Fmedia&parent=878"}],"wp:term":[{"taxonomy":"category","embeddable":true,"href":"https:\/\/www.ptf.us.edu.pl\/wordpress\/index.php?rest_route=%2Fwp%2Fv2%2Fcategories&post=878"},{"taxonomy":"post_tag","embeddable":true,"href":"https:\/\/www.ptf.us.edu.pl\/wordpress\/index.php?rest_route=%2Fwp%2Fv2%2Ftags&post=878"}],"curies":[{"name":"wp","href":"https:\/\/api.w.org\/{rel}","templated":true}]}}