{"id":937,"date":"2019-09-30T16:01:54","date_gmt":"2019-09-30T16:01:54","guid":{"rendered":"http:\/\/www.ptf.us.edu.pl\/?p=937"},"modified":"2019-10-10T05:38:07","modified_gmt":"2019-10-10T05:38:07","slug":"17-10-2019-prof-danuta-stroz-stopy-z-pamiecia-ksztaltu-i-ich-zastosowania","status":"publish","type":"post","link":"https:\/\/www.ptf.us.edu.pl\/wordpress\/?p=937","title":{"rendered":"24.10.2019, prof. Danuta Str\u00f3\u017c &#8222;Stopy z pami\u0119ci\u0105 kszta\u0142tu i ich zastosowania&#8221;"},"content":{"rendered":"<p class=\"western\" lang=\"pl-PL\" align=\"CENTER\"><span style=\"color: #003300;\"><span style=\"font-family: Arial,sans-serif;\"><span style=\"font-size: x-large;\"><b>Polskie Towarzystwo Fizyczne Oddzia\u0142 Katowicki<br \/>\n<\/b><\/span><\/span><\/span><\/p>\n<p class=\"western\" lang=\"pl-PL\" align=\"CENTER\"><span style=\"font-family: Arial,sans-serif;\"><span style=\"font-size: large;\">zaprasza na konwersatorium na kt\u00f3rym:<\/span><\/span><\/p>\n<h6 class=\"western\" lang=\"pl-PL\" align=\"CENTER\">\u00a0\u00a0 prof. dr hab. Danuta Str\u00f3\u017c<\/h6>\n<p style=\"text-align: center;\">\u00a0\u00a0 <span style=\"color: black; font-family: Tahoma; font-size: small;\"><span dir=\"ltr\">Zak\u0142ad Biomateria\u0142\u00f3w,\u00a0<\/span><\/span><\/p>\n<p style=\"text-align: center;\"><span style=\"color: black; font-family: Tahoma; font-size: small;\"><span dir=\"ltr\">\u015al\u0105skie Mi\u0119dzyuczelniane Centrum<br \/>\nEdukacji i Bada\u0144 Interdyscyplinarnych <\/span><\/span><\/p>\n<p style=\"text-align: center;\"><span style=\"color: black; font-family: Tahoma; font-size: small;\"><span dir=\"ltr\">Wydzia\u0142 Nauk \u015acis\u0142ych i Technicznych\u00a0 <\/span><\/span><\/p>\n<p style=\"text-align: center;\"><span style=\"color: black; font-family: Tahoma; font-size: small;\"><span dir=\"ltr\">Uniwersytet \u015al\u0105ski <\/span><\/span><span class=\"desc tra\"><br \/>\n<\/span><\/p>\n<p class=\"western\" lang=\"pl-PL\" align=\"CENTER\"><span style=\"font-family: Arial,sans-serif;\"><span style=\"font-size: large;\">Wyg\u0142osi wyk\u0142ad:<\/span><\/span><\/p>\n<h2 style=\"text-align: center;\"><b><span class=\"im\">Stopy z pami\u0119ci\u0105 kszta\u0142tu i ich zastosowania <\/span><br \/>\n<\/b><\/h2>\n<p align=\"justify\">Stopy z pami\u0119ci\u0105 kszta\u0142tu nale\u017c\u0105 do tzw. materia\u0142\u00f3w inteligentnych. Materia\u0142y inteligentne s\u0105 to takie materia\u0142y, kt\u00f3re reaguj\u0105 w kontrolowany spos\u00f3b na bodziec zewn\u0119trzny. \u0141\u0105cz\u0105 zatem cechy czujnika i aktywatora. W przypadku stop\u00f3w z pami\u0119ci\u0105 kszta\u0142tu bod\u017acem zewn\u0119trznym jest zmiana temperatury b\u0105d\u017a przy\u0142o\u017cone zewn\u0119trzne napr\u0119\u017cenie a reakcj\u0105 materia\u0142u jest zmiana kszta\u0142tu. W niekt\u00f3rych materia\u0142ach mo\u017cna uzyska\u0107 zmian\u0119 kszta\u0142tu poprzez przy\u0142o\u017cenie zewn\u0119trznego pola magnetycznego. Mechanizm tego zjawiska, kt\u00f3rym jest odwracalna termospr\u0119\u017cysta przemiana martenzytyczna, zostanie w spos\u00f3b przyst\u0119pny om\u00f3wiony w wyk\u0142adzie. Podane zostan\u0105 r\u00f3wnie\u017c przyk\u0142ady zastosowa\u0144 tych materia\u0142\u00f3w.<\/p>\n<p lang=\"pl-PL\" align=\"CENTER\"><span style=\"color: #800080;\"><span style=\"font-family: Arial,sans-serif;\"><span style=\"font-size: large;\"><b>Konwersatorium odb\u0119dzie si\u0119 dnia<span style=\"text-decoration: underline;\"> 24.10.2019 r. o\u00a0godz. 16<\/span><sup><span style=\"text-decoration: underline;\">00<\/span><\/sup><br \/>\nw Sali nr 227 Uniwersytetu \u015al\u0105skiego, Katowice, ul. Bankowa 14 (dawna Rady Wydzia\u0142u Mat-Fiz-Chem)<br \/>\n<\/b><\/span><\/span><\/span><\/p>\n<p lang=\"pl-PL\" style=\"text-align: center;\" align=\"CENTER\"><span style=\"color: #008000;\"><span style=\"font-family: Arial,sans-serif;\"><span style=\"font-size: large;\"><b>SERDECZNIE ZAPRASZAMY!<\/b><\/span><\/span><\/span><\/p>\n<p lang=\"pl-PL\" style=\"text-align: center;\" align=\"CENTER\"><a href=\"https:\/\/www.ptf.us.edu.pl\/wordpress\/wp-content\/uploads\/2015\/02\/ptf_logo.png\" rel=\"attachment wp-att-272\"><img decoding=\"async\" class=\"wp-image-272 alignnone\" src=\"https:\/\/www.ptf.us.edu.pl\/wordpress\/wp-content\/uploads\/2015\/02\/ptf_logo-300x300.png\" alt=\"ptf_logo\" width=\"85\" height=\"85\" srcset=\"https:\/\/www.ptf.us.edu.pl\/wordpress\/wp-content\/uploads\/2015\/02\/ptf_logo-300x300.png 300w, https:\/\/www.ptf.us.edu.pl\/wordpress\/wp-content\/uploads\/2015\/02\/ptf_logo-150x150.png 150w, https:\/\/www.ptf.us.edu.pl\/wordpress\/wp-content\/uploads\/2015\/02\/ptf_logo-1020x1024.png 1020w, https:\/\/www.ptf.us.edu.pl\/wordpress\/wp-content\/uploads\/2015\/02\/ptf_logo-45x45.png 45w, https:\/\/www.ptf.us.edu.pl\/wordpress\/wp-content\/uploads\/2015\/02\/ptf_logo.png 1829w\" sizes=\"(max-width: 85px) 100vw, 85px\" \/><\/a><\/p>\n","protected":false},"excerpt":{"rendered":"<p>Polskie Towarzystwo Fizyczne Oddzia\u0142 Katowicki zaprasza na konwersatorium na kt\u00f3rym: \u00a0\u00a0 prof. dr hab. Danuta Str\u00f3\u017c \u00a0\u00a0 Zak\u0142ad Biomateria\u0142\u00f3w,\u00a0 \u015al\u0105skie Mi\u0119dzyuczelniane Centrum Edukacji i Bada\u0144 Interdyscyplinarnych Wydzia\u0142 Nauk \u015acis\u0142ych i Technicznych\u00a0 Uniwersytet \u015al\u0105ski Wyg\u0142osi wyk\u0142ad: Stopy z pami\u0119ci\u0105 kszta\u0142tu i ich zastosowania Stopy z pami\u0119ci\u0105 kszta\u0142tu nale\u017c\u0105 do tzw. materia\u0142\u00f3w inteligentnych. Materia\u0142y inteligentne s\u0105 to &hellip; <a href=\"https:\/\/www.ptf.us.edu.pl\/wordpress\/?p=937\" class=\"more-link\">Czytaj dalej <span class=\"screen-reader-text\">24.10.2019, prof. Danuta Str\u00f3\u017c &#8222;Stopy z pami\u0119ci\u0105 kszta\u0142tu i ich zastosowania&#8221;<\/span> <span class=\"meta-nav\">&rarr;<\/span><\/a><\/p>\n","protected":false},"author":2,"featured_media":0,"comment_status":"closed","ping_status":"closed","sticky":false,"template":"","format":"standard","meta":{"footnotes":""},"categories":[4,8,7,5],"tags":[],"class_list":["post-937","post","type-post","status-publish","format-standard","hentry","category-akt","category-najblizsze-seminaria","category-planowane-seminaria","category-sem"],"_links":{"self":[{"href":"https:\/\/www.ptf.us.edu.pl\/wordpress\/index.php?rest_route=\/wp\/v2\/posts\/937","targetHints":{"allow":["GET"]}}],"collection":[{"href":"https:\/\/www.ptf.us.edu.pl\/wordpress\/index.php?rest_route=\/wp\/v2\/posts"}],"about":[{"href":"https:\/\/www.ptf.us.edu.pl\/wordpress\/index.php?rest_route=\/wp\/v2\/types\/post"}],"author":[{"embeddable":true,"href":"https:\/\/www.ptf.us.edu.pl\/wordpress\/index.php?rest_route=\/wp\/v2\/users\/2"}],"replies":[{"embeddable":true,"href":"https:\/\/www.ptf.us.edu.pl\/wordpress\/index.php?rest_route=%2Fwp%2Fv2%2Fcomments&post=937"}],"version-history":[{"count":7,"href":"https:\/\/www.ptf.us.edu.pl\/wordpress\/index.php?rest_route=\/wp\/v2\/posts\/937\/revisions"}],"predecessor-version":[{"id":945,"href":"https:\/\/www.ptf.us.edu.pl\/wordpress\/index.php?rest_route=\/wp\/v2\/posts\/937\/revisions\/945"}],"wp:attachment":[{"href":"https:\/\/www.ptf.us.edu.pl\/wordpress\/index.php?rest_route=%2Fwp%2Fv2%2Fmedia&parent=937"}],"wp:term":[{"taxonomy":"category","embeddable":true,"href":"https:\/\/www.ptf.us.edu.pl\/wordpress\/index.php?rest_route=%2Fwp%2Fv2%2Fcategories&post=937"},{"taxonomy":"post_tag","embeddable":true,"href":"https:\/\/www.ptf.us.edu.pl\/wordpress\/index.php?rest_route=%2Fwp%2Fv2%2Ftags&post=937"}],"curies":[{"name":"wp","href":"https:\/\/api.w.org\/{rel}","templated":true}]}}