{"id":946,"date":"2019-10-25T18:39:08","date_gmt":"2019-10-25T18:39:08","guid":{"rendered":"http:\/\/www.ptf.us.edu.pl\/?p=946"},"modified":"2019-10-25T18:39:08","modified_gmt":"2019-10-25T18:39:08","slug":"7-11-2019-prof-w-placzek-fabryka-promieni-gamma-narzedzia-badawcze-nowej-generacji-wykonane-ze-swiatla","status":"publish","type":"post","link":"https:\/\/www.ptf.us.edu.pl\/wordpress\/?p=946","title":{"rendered":"7.11.2019, prof. W. P\u0142aczek, &#8222;Fabryka Promieni Gamma &#8211; narz\u0119dzia badawcze nowej generacji wykonane ze \u015bwiat\u0142a&#8221;"},"content":{"rendered":"<p class=\"western\" lang=\"pl-PL\" align=\"CENTER\"><span style=\"color: #003300;\"><span style=\"font-family: Arial,sans-serif;\"><span style=\"font-size: x-large;\"><b>Polskie Towarzystwo Fizyczne Oddzia\u0142 Katowicki<br \/>\n<\/b><\/span><\/span><\/span><\/p>\n<p class=\"western\" lang=\"pl-PL\" align=\"CENTER\"><span style=\"font-family: Arial,sans-serif;\"><span style=\"font-size: large;\">zaprasza na konwersatorium na kt\u00f3rym:<\/span><\/span><\/p>\n<h4 class=\"western\" lang=\"pl-PL\" align=\"CENTER\">\u00a0\u00a0 prof. Wies\u0142aw P\u0142aczek<\/h4>\n<p style=\"text-align: center;\"><span style=\"color: black; font-family: Tahoma; font-size: small;\"><span dir=\"ltr\">Wydzia\u0142 Fizyki, Astronomii i Informatyki Stosowanej<br \/>\n<\/span><\/span><\/p>\n<p style=\"text-align: center;\"><span style=\"color: black; font-family: Tahoma; font-size: small;\"><span dir=\"ltr\">Uniwersytet Jagiello\u0144ski<\/span><\/span><span class=\"desc tra\"><br \/>\n<\/span><\/p>\n<p class=\"western\" lang=\"pl-PL\" align=\"CENTER\"><span style=\"font-family: Arial,sans-serif;\"><span style=\"font-size: large;\">Wyg\u0142osi wyk\u0142ad:<\/span><\/span><\/p>\n<h2 style=\"text-align: center;\"><b><span class=\"im\">Fabryka Promieni Gamma &#8211; narz\u0119dzia badawcze nowej generacji wykonane ze \u015bwiat\u0142a <\/span><br \/>\n<\/b><\/h2>\n<p align=\"justify\">Projekt &#8222;Fabryka Promieni Gamma&#8221; (ang. Gamma Factory) oferuje mo\u017cliwo\u015b\u0107 stworzenia narz\u0119dzi badawczych nowego typu poprzez wytwarzanie w kompleksie akceleratorowym CERNu relatywistycznych wi\u0105zek silnie zjonizowanych atom\u00f3w i wzbudzanie ich atomowych stopni swobody przy u\u017cyciu lasera w celu uzyskania silnie skolimowanych wi\u0105zek wysokoenergetycznych foton\u00f3w. Intensywno\u015b\u0107 takich wi\u0105zek mo\u017ce przewy\u017cszy\u0107 o wiele rz\u0119d\u00f3w wielko\u015bci intensywno\u015bci aktualnie dzia\u0142aj\u0105cych \u017ar\u00f3de\u0142 foton\u00f3w, zw\u0142aszcza w szczeg\u00f3lnie interesuj\u0105cym zakresie energii od oko\u0142o 100 keV do ponad 400 MeV. Wi\u0105zki foton\u00f3w o takich energiach mog\u0105 zosta\u0107 u\u017cyte do wytwarzania wt\u00f3rnych wi\u0105zek spolaryzowanych elektron\u00f3w, spolaryzowanych pozyton\u00f3w, spolaryzowanych mion\u00f3w, neutrin, neutron\u00f3w i jon\u00f3w radioaktywnych. &#8222;Fabryka Promieni Gamma&#8221; pozwoli otworzy\u0107 nowe perspektywy bada\u0144 naukowych przy u\u017cyciu powy\u017cszych pierwotnych oraz wt\u00f3rnych wi\u0105zek cz\u0105stek w wielu dziedzinach fizyki: od fizyki cz\u0105stek przez fizyk\u0119 j\u0105drow\u0105 po fizyk\u0119 atomow\u0105. Opr\u00f3cz bada\u0144 podstawowych, stwarza ona te\u017c du\u017ce mo\u017cliwo\u015bci dla wielu bada\u0144 aplikacyjnych, np. w fizyce medycznej czy energetyce j\u0105drowej. Projekt osi\u0105gn\u0105\u0142 ju\u017c sw\u00f3j pierwszy wa\u017cny kamie\u0144 milowy, mianowicie w roku 2018 uda\u0142o si\u0119 pomy\u015blnie przy\u015bpiesza\u0107 wi\u0105zki silnie zjonizowanych atom\u00f3w o\u0142owiu &#8211; najpierw w akceleratorze SPS, a nast\u0119pnie w LHC. Obecnie przygotowywany jest eksperyment maj\u0105cy by\u0107 dowodem zasady dzia\u0142ania &#8222;Fabryki Promieni Gamma&#8221; (ang. Proof-of-Principle &#8211; PoP), kt\u00f3ry ma by\u0107 przeprowadzony w najbli\u017cszych latach przy u\u017cyciu akceleratora SPS. Jego celem jest zademonstrowanie mo\u017cliwo\u015bci wzbudzania silnie zjonizowanych atom\u00f3w o\u0142owiu przy u\u017cyciu dedykowanego systemu laserowego, jak r\u00f3wnie\u017c zbadanie metod ekstrakcji oraz detekcji wi\u0105zek emitowanych foton\u00f3w. Planowane jest tak\u017ce wykonanie r\u00f3\u017cnorodnych pomiar\u00f3w w dziedzinie fizyki atomowej oraz przetestowanie nowych technik ch\u0142odzenia wi\u0105zek atom\u00f3w w oparciu o efekt Dopplera. Wyniki tego eksperymentu b\u0119d\u0105 kluczowe dla ostatecznego celu projektu &#8222;Fabryki Promieni Gamma&#8221;, jakim jest jego implementacja w LHC.<\/p>\n<p lang=\"pl-PL\" align=\"CENTER\"><span style=\"color: #800080;\"><span style=\"font-family: Arial,sans-serif;\"><span style=\"font-size: large;\"><b>Konwersatorium odb\u0119dzie si\u0119 dnia<span style=\"text-decoration: underline;\"> 7.11.2019 r. o\u00a0godz. 16<\/span><sup><span style=\"text-decoration: underline;\">00<\/span><\/sup><br \/>\nw Sali nr 227 Uniwersytetu \u015al\u0105skiego, Katowice, ul. Bankowa 14 (dawna Rady Wydzia\u0142u Mat-Fiz-Chem)<br \/>\n<\/b><\/span><\/span><\/span><\/p>\n<p lang=\"pl-PL\" style=\"text-align: center;\" align=\"CENTER\"><span style=\"color: #008000;\"><span style=\"font-family: Arial,sans-serif;\"><span style=\"font-size: large;\"><b>SERDECZNIE ZAPRASZAMY!<\/b><\/span><\/span><\/span><\/p>\n<p lang=\"pl-PL\" style=\"text-align: center;\" align=\"CENTER\"><a href=\"https:\/\/www.ptf.us.edu.pl\/wordpress\/wp-content\/uploads\/2015\/02\/ptf_logo.png\" rel=\"attachment wp-att-272\"><img decoding=\"async\" class=\"wp-image-272 alignnone\" src=\"https:\/\/www.ptf.us.edu.pl\/wordpress\/wp-content\/uploads\/2015\/02\/ptf_logo-300x300.png\" alt=\"ptf_logo\" width=\"85\" height=\"85\" srcset=\"https:\/\/www.ptf.us.edu.pl\/wordpress\/wp-content\/uploads\/2015\/02\/ptf_logo-300x300.png 300w, https:\/\/www.ptf.us.edu.pl\/wordpress\/wp-content\/uploads\/2015\/02\/ptf_logo-150x150.png 150w, https:\/\/www.ptf.us.edu.pl\/wordpress\/wp-content\/uploads\/2015\/02\/ptf_logo-1020x1024.png 1020w, https:\/\/www.ptf.us.edu.pl\/wordpress\/wp-content\/uploads\/2015\/02\/ptf_logo-45x45.png 45w, https:\/\/www.ptf.us.edu.pl\/wordpress\/wp-content\/uploads\/2015\/02\/ptf_logo.png 1829w\" sizes=\"(max-width: 85px) 100vw, 85px\" \/><\/a><\/p>\n","protected":false},"excerpt":{"rendered":"<p>Polskie Towarzystwo Fizyczne Oddzia\u0142 Katowicki zaprasza na konwersatorium na kt\u00f3rym: \u00a0\u00a0 prof. Wies\u0142aw P\u0142aczek Wydzia\u0142 Fizyki, Astronomii i Informatyki Stosowanej Uniwersytet Jagiello\u0144ski Wyg\u0142osi wyk\u0142ad: Fabryka Promieni Gamma &#8211; narz\u0119dzia badawcze nowej generacji wykonane ze \u015bwiat\u0142a Projekt &#8222;Fabryka Promieni Gamma&#8221; (ang. Gamma Factory) oferuje mo\u017cliwo\u015b\u0107 stworzenia narz\u0119dzi badawczych nowego typu poprzez wytwarzanie w kompleksie akceleratorowym CERNu &hellip; <a href=\"https:\/\/www.ptf.us.edu.pl\/wordpress\/?p=946\" class=\"more-link\">Czytaj dalej <span class=\"screen-reader-text\">7.11.2019, prof. W. P\u0142aczek, &#8222;Fabryka Promieni Gamma &#8211; narz\u0119dzia badawcze nowej generacji wykonane ze \u015bwiat\u0142a&#8221;<\/span> <span class=\"meta-nav\">&rarr;<\/span><\/a><\/p>\n","protected":false},"author":2,"featured_media":0,"comment_status":"closed","ping_status":"closed","sticky":false,"template":"","format":"standard","meta":{"footnotes":""},"categories":[4,8,7,5],"tags":[],"class_list":["post-946","post","type-post","status-publish","format-standard","hentry","category-akt","category-najblizsze-seminaria","category-planowane-seminaria","category-sem"],"_links":{"self":[{"href":"https:\/\/www.ptf.us.edu.pl\/wordpress\/index.php?rest_route=\/wp\/v2\/posts\/946","targetHints":{"allow":["GET"]}}],"collection":[{"href":"https:\/\/www.ptf.us.edu.pl\/wordpress\/index.php?rest_route=\/wp\/v2\/posts"}],"about":[{"href":"https:\/\/www.ptf.us.edu.pl\/wordpress\/index.php?rest_route=\/wp\/v2\/types\/post"}],"author":[{"embeddable":true,"href":"https:\/\/www.ptf.us.edu.pl\/wordpress\/index.php?rest_route=\/wp\/v2\/users\/2"}],"replies":[{"embeddable":true,"href":"https:\/\/www.ptf.us.edu.pl\/wordpress\/index.php?rest_route=%2Fwp%2Fv2%2Fcomments&post=946"}],"version-history":[{"count":1,"href":"https:\/\/www.ptf.us.edu.pl\/wordpress\/index.php?rest_route=\/wp\/v2\/posts\/946\/revisions"}],"predecessor-version":[{"id":948,"href":"https:\/\/www.ptf.us.edu.pl\/wordpress\/index.php?rest_route=\/wp\/v2\/posts\/946\/revisions\/948"}],"wp:attachment":[{"href":"https:\/\/www.ptf.us.edu.pl\/wordpress\/index.php?rest_route=%2Fwp%2Fv2%2Fmedia&parent=946"}],"wp:term":[{"taxonomy":"category","embeddable":true,"href":"https:\/\/www.ptf.us.edu.pl\/wordpress\/index.php?rest_route=%2Fwp%2Fv2%2Fcategories&post=946"},{"taxonomy":"post_tag","embeddable":true,"href":"https:\/\/www.ptf.us.edu.pl\/wordpress\/index.php?rest_route=%2Fwp%2Fv2%2Ftags&post=946"}],"curies":[{"name":"wp","href":"https:\/\/api.w.org\/{rel}","templated":true}]}}