{"id":949,"date":"2019-11-16T09:53:52","date_gmt":"2019-11-16T09:53:52","guid":{"rendered":"http:\/\/www.ptf.us.edu.pl\/?p=949"},"modified":"2019-11-17T20:31:44","modified_gmt":"2019-11-17T20:31:44","slug":"5-12-2019-mgr-stefan-jantaplanetarium-wczoraj-i-jutro","status":"publish","type":"post","link":"https:\/\/www.ptf.us.edu.pl\/wordpress\/?p=949","title":{"rendered":"5.12.2019, mgr Stefan Janta&#8221;Planetarium wczoraj i jutro&#8221;"},"content":{"rendered":"<p class=\"western\" lang=\"pl-PL\" align=\"CENTER\"><span style=\"color: #003300;\"><span style=\"font-family: Arial,sans-serif;\"><span style=\"font-size: x-large;\"><b>Polskie Towarzystwo Fizyczne Oddzia\u0142 Katowicki<br \/>\n<\/b><\/span><\/span><\/span><\/p>\n<p class=\"western\" lang=\"pl-PL\" align=\"CENTER\"><span style=\"font-family: Arial,sans-serif;\"><span style=\"font-size: large;\">zaprasza na konwersatorium na kt\u00f3rym:<\/span><\/span><\/p>\n<h4 class=\"western\" lang=\"pl-PL\" align=\"CENTER\">\u00a0\u00a0 mgr Stefan Janta<\/h4>\n<p style=\"text-align: center;\"><span style=\"color: black; font-family: Tahoma; font-size: small;\"><span dir=\"ltr\">Wicedyrektor <\/span><\/span>Planetarium i Obserwatorium Astronomicznego im. Miko\u0142aja Kopernika w Chorzowie<\/p>\n<p class=\"western\" lang=\"pl-PL\" align=\"CENTER\"><span style=\"font-family: Arial,sans-serif;\"><span style=\"font-size: large;\">Wyg\u0142osi wyk\u0142ad:<\/span><\/span><\/p>\n<h2 style=\"text-align: center;\"><b><span class=\"im\">Planetarium wczoraj i jutro<\/span><br \/>\n<\/b><\/h2>\n<p align=\"justify\">Geneza idei planetarium jako modelu \u015bwiata. Przypomnienie wczesnych urz\u0105dze\u0144 pozwalaj\u0105cych na prezentacj\u0119 zar\u00f3wno sfery niebieskiej jak i aktualnego rozk\u0142adu planet. Narodziny planetarium mechaniczno optycznego i wsp\u00f3\u0142czesnych planetari\u00f3w cyfrowych. Prezentacja projektu &#8222;Planetarium &#8211; \u015al\u0105ski Park Nauki&#8221; w Chorzowie, w kt\u00f3rym powstaje nowoczesne planetarium hybrydowe oraz interaktywna ekspozycja zwi\u0105zana<br \/>\nz trzema dziedzinami wiedzy: astronomi\u0105, meteorologi\u0105 i sejsmologi\u0105.<\/p>\n<p lang=\"pl-PL\" align=\"CENTER\"><span style=\"color: #800080;\"><span style=\"font-family: Arial,sans-serif;\"><span style=\"font-size: large;\"><b>Konwersatorium odb\u0119dzie si\u0119 dnia<span style=\"text-decoration: underline;\"> 5.12.2019 r. o\u00a0godz. 16<\/span><sup><span style=\"text-decoration: underline;\">00<\/span><\/sup><br \/>\nw Sali nr 227 Uniwersytetu \u015al\u0105skiego, Katowice, ul. Bankowa 14 (dawna Rady Wydzia\u0142u Mat-Fiz-Chem)<br \/>\n<\/b><\/span><\/span><\/span><\/p>\n<p lang=\"pl-PL\" style=\"text-align: center;\" align=\"CENTER\"><span style=\"color: #008000;\"><span style=\"font-family: Arial,sans-serif;\"><span style=\"font-size: large;\"><b>SERDECZNIE ZAPRASZAMY!<\/b><\/span><\/span><\/span><\/p>\n<p lang=\"pl-PL\" style=\"text-align: center;\" align=\"CENTER\"><a href=\"https:\/\/www.ptf.us.edu.pl\/wordpress\/wp-content\/uploads\/2015\/02\/ptf_logo.png\" rel=\"attachment wp-att-272\"><img decoding=\"async\" class=\"wp-image-272 alignnone\" src=\"https:\/\/www.ptf.us.edu.pl\/wordpress\/wp-content\/uploads\/2015\/02\/ptf_logo-300x300.png\" alt=\"ptf_logo\" width=\"85\" height=\"85\" srcset=\"https:\/\/www.ptf.us.edu.pl\/wordpress\/wp-content\/uploads\/2015\/02\/ptf_logo-300x300.png 300w, https:\/\/www.ptf.us.edu.pl\/wordpress\/wp-content\/uploads\/2015\/02\/ptf_logo-150x150.png 150w, https:\/\/www.ptf.us.edu.pl\/wordpress\/wp-content\/uploads\/2015\/02\/ptf_logo-1020x1024.png 1020w, https:\/\/www.ptf.us.edu.pl\/wordpress\/wp-content\/uploads\/2015\/02\/ptf_logo-45x45.png 45w, https:\/\/www.ptf.us.edu.pl\/wordpress\/wp-content\/uploads\/2015\/02\/ptf_logo.png 1829w\" sizes=\"(max-width: 85px) 100vw, 85px\" \/><\/a><\/p>\n","protected":false},"excerpt":{"rendered":"<p>Polskie Towarzystwo Fizyczne Oddzia\u0142 Katowicki zaprasza na konwersatorium na kt\u00f3rym: \u00a0\u00a0 mgr Stefan Janta Wicedyrektor Planetarium i Obserwatorium Astronomicznego im. Miko\u0142aja Kopernika w Chorzowie Wyg\u0142osi wyk\u0142ad: Planetarium wczoraj i jutro Geneza idei planetarium jako modelu \u015bwiata. Przypomnienie wczesnych urz\u0105dze\u0144 pozwalaj\u0105cych na prezentacj\u0119 zar\u00f3wno sfery niebieskiej jak i aktualnego rozk\u0142adu planet. Narodziny planetarium mechaniczno optycznego i &hellip; <a href=\"https:\/\/www.ptf.us.edu.pl\/wordpress\/?p=949\" class=\"more-link\">Czytaj dalej <span class=\"screen-reader-text\">5.12.2019, mgr Stefan Janta&#8221;Planetarium wczoraj i jutro&#8221;<\/span> <span class=\"meta-nav\">&rarr;<\/span><\/a><\/p>\n","protected":false},"author":2,"featured_media":0,"comment_status":"closed","ping_status":"closed","sticky":false,"template":"","format":"standard","meta":{"footnotes":""},"categories":[4,8,7,5],"tags":[],"class_list":["post-949","post","type-post","status-publish","format-standard","hentry","category-akt","category-najblizsze-seminaria","category-planowane-seminaria","category-sem"],"_links":{"self":[{"href":"https:\/\/www.ptf.us.edu.pl\/wordpress\/index.php?rest_route=\/wp\/v2\/posts\/949","targetHints":{"allow":["GET"]}}],"collection":[{"href":"https:\/\/www.ptf.us.edu.pl\/wordpress\/index.php?rest_route=\/wp\/v2\/posts"}],"about":[{"href":"https:\/\/www.ptf.us.edu.pl\/wordpress\/index.php?rest_route=\/wp\/v2\/types\/post"}],"author":[{"embeddable":true,"href":"https:\/\/www.ptf.us.edu.pl\/wordpress\/index.php?rest_route=\/wp\/v2\/users\/2"}],"replies":[{"embeddable":true,"href":"https:\/\/www.ptf.us.edu.pl\/wordpress\/index.php?rest_route=%2Fwp%2Fv2%2Fcomments&post=949"}],"version-history":[{"count":3,"href":"https:\/\/www.ptf.us.edu.pl\/wordpress\/index.php?rest_route=\/wp\/v2\/posts\/949\/revisions"}],"predecessor-version":[{"id":953,"href":"https:\/\/www.ptf.us.edu.pl\/wordpress\/index.php?rest_route=\/wp\/v2\/posts\/949\/revisions\/953"}],"wp:attachment":[{"href":"https:\/\/www.ptf.us.edu.pl\/wordpress\/index.php?rest_route=%2Fwp%2Fv2%2Fmedia&parent=949"}],"wp:term":[{"taxonomy":"category","embeddable":true,"href":"https:\/\/www.ptf.us.edu.pl\/wordpress\/index.php?rest_route=%2Fwp%2Fv2%2Fcategories&post=949"},{"taxonomy":"post_tag","embeddable":true,"href":"https:\/\/www.ptf.us.edu.pl\/wordpress\/index.php?rest_route=%2Fwp%2Fv2%2Ftags&post=949"}],"curies":[{"name":"wp","href":"https:\/\/api.w.org\/{rel}","templated":true}]}}