{"id":962,"date":"2020-06-14T06:22:08","date_gmt":"2020-06-14T06:22:08","guid":{"rendered":"http:\/\/www.ptf.us.edu.pl\/?p=962"},"modified":"2020-06-17T12:35:09","modified_gmt":"2020-06-17T12:35:09","slug":"25-06-2020-prof-andrzej-slebarski-ciecze-kwantowe-z-silnie-skorelowanymi-elektronami","status":"publish","type":"post","link":"https:\/\/www.ptf.us.edu.pl\/wordpress\/?p=962","title":{"rendered":"25.06.2020, prof. Andrzej \u015alebarski &#8222;Ciecze kwantowe z silnie skorelowanymi elektronami&#8221;"},"content":{"rendered":"<p><a name=\"_GoBack\"><\/a><\/p>\n<p class=\"western\" lang=\"pl-PL\" align=\"CENTER\"><span style=\"color: #003300;\"><span style=\"font-family: Arial,sans-serif;\"><span style=\"font-size: x-large;\"><b>Polskie Towarzystwo Fizyczne Oddzia\u0142 Katowicki<br \/>\n<\/b><\/span><\/span><\/span><\/p>\n<p class=\"western\" lang=\"pl-PL\" align=\"CENTER\"><span style=\"font-family: Arial,sans-serif;\"><span style=\"font-size: large;\">zaprasza na konwersatorium na kt\u00f3rym:<\/span><\/span><\/p>\n<h4 class=\"western\" lang=\"pl-PL\" align=\"CENTER\">\u00a0\u00a0\u00a0 prof.\u00a0 Andrzej \u015alebarski<\/h4>\n<p style=\"text-align: center;\"><span style=\"color: black; font-family: Tahoma; font-size: small;\"><span dir=\"ltr\">Wydzia\u0142 Nauk \u015acis\u0142ych i Technicznych U\u015a<br \/>\n<\/span><\/span><\/p>\n<p class=\"western\" lang=\"pl-PL\" align=\"CENTER\"><span style=\"font-family: Arial,sans-serif;\"><span style=\"font-size: large;\">Wyg\u0142osi wyk\u0142ad:<\/span><\/span><\/p>\n<h2 style=\"text-align: center;\"><b>Ciecze kwantowe z silnie skorelowanymi elektronami<br \/>\n<\/b><\/h2>\n<p align=\"justify\"><span style=\"font-family: Times New Roman, serif;\"><span style=\"font-size: medium;\">Zadajmy sobie pytanie: czym charakteryzuje si\u0119 gazowy stan skupienia i czy gaz mo\u017cna skropli\u0107? Ka\u017cdy odpowie zadowalaj\u0105co na te pytania. No wi\u0119c dalej; czy elektrony \u201eswobodne\u201d w metalu s\u0105 gazem i czy te elektrony mo\u017cna \u201eskropli\u0107\u201d? Obawiam si\u0119, \u017ce mog\u0105 pojawi\u0107 si\u0119 k\u0142opoty z odpowiedzi\u0105. Je\u017celi odpowiemy twierdz\u0105co, to pojawiaj\u0105 si\u0119 dalsze komplikacje, szczeg\u00f3lnie w sytuacji, kiedy wsp\u00f3\u0142cze\u015bnie dzia\u0142aj\u0105ce uk\u0142ady elektroniczne oparte s\u0105 na elementach o rozmiarach nanometra. Je\u017celi podstaw\u0105 teorii pasmowej jest periodyczno\u015b\u0107 struktury metalu, a fundamentem periodyczno\u015bci jest du\u017ca liczba atom\u00f3w buduj\u0105cych sie\u0107 metalu, to jaka jest najmniejsza ich ilo\u015b\u0107, by ci\u0105gle jeszcze m\u00f3wi\u0107 o periodyczno\u015bci sieci, tym samym o strukturze pasmowej? Czy dychotomia elektronu, zwi\u0105zana z przej\u015bciem uk\u0142adu ze stanu metalicznego do stanu izolatora (wyja\u015bnienie zjawiska nagrodzono Noblem) jest przemian\u0105 fazow\u0105? W jakim stopniu o stanie izolatora decyduje w metalu oddzia\u0142ywanie elektrostatyczne pomi\u0119dzy elektronami? No w\u0142a\u015bnie, uzasadni\u0119 wyst\u0119powanie stanu takich \u201eskroplonych\u201d elektron\u00f3w, kt\u00f3re oddzia\u0142uj\u0105 pomi\u0119dzy sob\u0105 si\u0142ami kulombowskimi. Takie elektrostatyczne oddzia\u0142ywanie pomi\u0119dzy nimi definiuje stan korelacji w materii, a w efekcie skorelowanych oddzia\u0142ywa\u0144, elektrony przypominaj\u0105 ciecz \u2013 tym razem kwantow\u0105. Materia w stanie skorelowanym jest od 2 dekad intensywnie badana i odkrywana od nowa. Zjawisko zwykle \u201ewidoczne\u201d jest w bardzo niskich temperaturach oko\u0142o 1 Kelwina, dlatego wymaga do bada\u0144 laboratoria zaopatrzone w ciecze kriogeniczne. Takim laboratorium \u2013 unikalnym i drogim, dysponujemy.<\/span><\/span><\/p>\n<p lang=\"pl-PL\" align=\"CENTER\"><span style=\"color: #800080;\"><span style=\"font-family: Arial,sans-serif;\"><span style=\"font-size: large;\"><b>Konwersatorium odb\u0119dzie si\u0119 dnia<span style=\"text-decoration: underline;\"> 25.06.2020 r. <\/span><\/b><strong><span style=\"color: #000000;\"><span style=\"text-decoration: underline;\">o\u00a0godz. 16<\/span><sup><span style=\"text-decoration: underline;\">00<\/span><\/sup><\/span><br \/>\nz wykorzystaniem platformy on-line Teams (wej\u015bcie od 15.30 do 16.00)<br \/>\n<\/strong><\/span><\/span><\/span><\/p>\n<p>Link do spotkania, kliknij: <a href=\"https:\/\/teams.microsoft.com\/dl\/launcher\/launcher.html?url=%2f_%23%2fl%2fmeetup-join%2f19%3ameeting_ZmZkMWViZDYtODJlYS00YzY3LTg2MmQtMDI2N2QyZTMzMDNm%40thread.v2%2f0%3fcontext%3d%257b%2522Tid%2522%253a%252250c76291-0c80-4444-a2fb-4f8ab168c311%2522%252c%2522Oid%2522%253a%252213ce2fb9-5706-4d2e-b636-4e0fe56553a7%2522%257d%26anon%3dtrue&amp;type=meetup-join&amp;deeplinkId=0bf2b28a-8460-47bb-906a-b63d7ba88518&amp;directDl=true&amp;msLaunch=true&amp;enableMobilePage=true&amp;suppressPrompt=true\">TUTAJ<\/a><\/p>\n<p>Spos\u00f3b otwierania linku zale\u017cy od systemu operacyjnego i przegl\u0105darki (mo\u017cna doinstalowa\u0107 aplikacj\u0119 lub przegl\u0105da\u0107 z poziomu przegl\u0105darki &#8211; preferowana przez Teams Google Chrome).<\/p>\n<p lang=\"pl-PL\" style=\"text-align: center;\" align=\"CENTER\"><span style=\"color: #008000;\"><span style=\"font-family: Arial,sans-serif;\"><span style=\"font-size: large;\"><b>SERDECZNIE ZAPRASZAMY!<\/b><\/span><\/span><\/span><\/p>\n<p lang=\"pl-PL\" style=\"text-align: center;\" align=\"CENTER\"><a href=\"https:\/\/www.ptf.us.edu.pl\/wordpress\/wp-content\/uploads\/2015\/02\/ptf_logo.png\" rel=\"attachment wp-att-272\"><img decoding=\"async\" class=\"wp-image-272 alignnone\" src=\"https:\/\/www.ptf.us.edu.pl\/wordpress\/wp-content\/uploads\/2015\/02\/ptf_logo-300x300.png\" alt=\"ptf_logo\" width=\"85\" height=\"85\" srcset=\"https:\/\/www.ptf.us.edu.pl\/wordpress\/wp-content\/uploads\/2015\/02\/ptf_logo-300x300.png 300w, https:\/\/www.ptf.us.edu.pl\/wordpress\/wp-content\/uploads\/2015\/02\/ptf_logo-150x150.png 150w, https:\/\/www.ptf.us.edu.pl\/wordpress\/wp-content\/uploads\/2015\/02\/ptf_logo-1020x1024.png 1020w, https:\/\/www.ptf.us.edu.pl\/wordpress\/wp-content\/uploads\/2015\/02\/ptf_logo-45x45.png 45w, https:\/\/www.ptf.us.edu.pl\/wordpress\/wp-content\/uploads\/2015\/02\/ptf_logo.png 1829w\" sizes=\"(max-width: 85px) 100vw, 85px\" \/><\/a><\/p>\n","protected":false},"excerpt":{"rendered":"<p>Polskie Towarzystwo Fizyczne Oddzia\u0142 Katowicki zaprasza na konwersatorium na kt\u00f3rym: \u00a0\u00a0\u00a0 prof.\u00a0 Andrzej \u015alebarski Wydzia\u0142 Nauk \u015acis\u0142ych i Technicznych U\u015a Wyg\u0142osi wyk\u0142ad: Ciecze kwantowe z silnie skorelowanymi elektronami Zadajmy sobie pytanie: czym charakteryzuje si\u0119 gazowy stan skupienia i czy gaz mo\u017cna skropli\u0107? Ka\u017cdy odpowie zadowalaj\u0105co na te pytania. No wi\u0119c dalej; czy elektrony \u201eswobodne\u201d w &hellip; <a href=\"https:\/\/www.ptf.us.edu.pl\/wordpress\/?p=962\" class=\"more-link\">Czytaj dalej <span class=\"screen-reader-text\">25.06.2020, prof. Andrzej \u015alebarski &#8222;Ciecze kwantowe z silnie skorelowanymi elektronami&#8221;<\/span> <span class=\"meta-nav\">&rarr;<\/span><\/a><\/p>\n","protected":false},"author":2,"featured_media":0,"comment_status":"closed","ping_status":"closed","sticky":false,"template":"","format":"standard","meta":{"footnotes":""},"categories":[4,8,7,5],"tags":[],"class_list":["post-962","post","type-post","status-publish","format-standard","hentry","category-akt","category-najblizsze-seminaria","category-planowane-seminaria","category-sem"],"_links":{"self":[{"href":"https:\/\/www.ptf.us.edu.pl\/wordpress\/index.php?rest_route=\/wp\/v2\/posts\/962","targetHints":{"allow":["GET"]}}],"collection":[{"href":"https:\/\/www.ptf.us.edu.pl\/wordpress\/index.php?rest_route=\/wp\/v2\/posts"}],"about":[{"href":"https:\/\/www.ptf.us.edu.pl\/wordpress\/index.php?rest_route=\/wp\/v2\/types\/post"}],"author":[{"embeddable":true,"href":"https:\/\/www.ptf.us.edu.pl\/wordpress\/index.php?rest_route=\/wp\/v2\/users\/2"}],"replies":[{"embeddable":true,"href":"https:\/\/www.ptf.us.edu.pl\/wordpress\/index.php?rest_route=%2Fwp%2Fv2%2Fcomments&post=962"}],"version-history":[{"count":7,"href":"https:\/\/www.ptf.us.edu.pl\/wordpress\/index.php?rest_route=\/wp\/v2\/posts\/962\/revisions"}],"predecessor-version":[{"id":969,"href":"https:\/\/www.ptf.us.edu.pl\/wordpress\/index.php?rest_route=\/wp\/v2\/posts\/962\/revisions\/969"}],"wp:attachment":[{"href":"https:\/\/www.ptf.us.edu.pl\/wordpress\/index.php?rest_route=%2Fwp%2Fv2%2Fmedia&parent=962"}],"wp:term":[{"taxonomy":"category","embeddable":true,"href":"https:\/\/www.ptf.us.edu.pl\/wordpress\/index.php?rest_route=%2Fwp%2Fv2%2Fcategories&post=962"},{"taxonomy":"post_tag","embeddable":true,"href":"https:\/\/www.ptf.us.edu.pl\/wordpress\/index.php?rest_route=%2Fwp%2Fv2%2Ftags&post=962"}],"curies":[{"name":"wp","href":"https:\/\/api.w.org\/{rel}","templated":true}]}}